{"id":1144,"date":"2018-09-12T11:24:11","date_gmt":"2018-09-12T10:24:11","guid":{"rendered":"https:\/\/ambkinshasa.esteri.it\/news\/dall_ambasciata\/2018\/09\/avviso-dal-ministero-della-salute-2\/"},"modified":"2018-09-12T11:24:11","modified_gmt":"2018-09-12T10:24:11","slug":"avviso-dal-ministero-della-salute-2","status":"publish","type":"post","link":"https:\/\/ambkinshasa.esteri.it\/fr\/news\/dall_ambasciata\/2018\/09\/avviso-dal-ministero-della-salute-2\/","title":{"rendered":"Communiqu\u00e9 du Minist\u00e8re de la Sant\u00e9 italien"},"content":{"rendered":"<p style=\"text-align: justify;\">Le Minist\u00e8re de la Sant\u00e9 italien a communiqu\u00e9 d\u2019avoir enregistr\u00e9 un cas de Paralysie Flacide Aigu\u00e9e, d\u00e9termin\u00e9e par le polio virus vaccin d\u00e9riv\u00e9 sierothype 1 (VDPV1), en Papouasie Nouvelle Guin\u00e9e (Pays o\u00f9 la polio n\u2019a plus \u00e9t\u00e9 relev\u00e9e depuis 18 ans). Pour \u00e9viter la possibilit\u00e9 d\u2019une nouvelle introduction du poliovirus dans des zones actuellement libres de ce virus, le Minist\u00e8re de la Sant\u00e9 demande \u00e0 toutes les personnes qui arrivent de la R\u00e9publique D\u00e9mocratique du Congo (Pays consid\u00e9r\u00e9 infect\u00e9 de WPV et\/ou VDPV), aux r\u00e9sidents<br \/>et aux personnes qui y ont r\u00e9sid\u00e9 pendant 4 semaines, et \u00e0 toutes les personnes qui presentent une demande de visas pour l\u2019Italie au moment de l\u2019entr\u00e9e en territoire italien, doivent mettre \u00e0 jour leur carnet de vaccination en effectuant le vaccin contre la poliomy\u00e9lite.<\/p>\n","protected":false},"excerpt":{"rendered":"Le Minist\u00e8re de la Sant\u00e9 italien a communiqu\u00e9 d\u2019avoir enregistr\u00e9 un cas de Paralysie Flacide Aigu\u00e9e, d\u00e9termin\u00e9e par le polio virus vaccin d\u00e9riv\u00e9 sierothype 1 (VDPV1), en Papouasie Nouvelle Guin\u00e9e (Pays o\u00f9 la polio n\u2019a plus \u00e9t\u00e9 relev\u00e9e depuis 18 ans). Pour \u00e9viter la possibilit\u00e9 d\u2019une nouvelle introduction du poliovirus dans des zones actuellement libres [&hellip;]","protected":false},"author":1,"featured_media":0,"comment_status":"","ping_status":"","sticky":false,"template":"","format":"standard","meta":{"footnotes":""},"tags":[],"class_list":["post-1144","post","type-post","status-publish","format-standard","hentry"],"_links":{"self":[{"href":"https:\/\/ambkinshasa.esteri.it\/fr\/wp-json\/wp\/v2\/posts\/1144","targetHints":{"allow":["GET"]}}],"collection":[{"href":"https:\/\/ambkinshasa.esteri.it\/fr\/wp-json\/wp\/v2\/posts"}],"about":[{"href":"https:\/\/ambkinshasa.esteri.it\/fr\/wp-json\/wp\/v2\/types\/post"}],"author":[{"embeddable":true,"href":"https:\/\/ambkinshasa.esteri.it\/fr\/wp-json\/wp\/v2\/users\/1"}],"replies":[{"embeddable":true,"href":"https:\/\/ambkinshasa.esteri.it\/fr\/wp-json\/wp\/v2\/comments?post=1144"}],"version-history":[{"count":0,"href":"https:\/\/ambkinshasa.esteri.it\/fr\/wp-json\/wp\/v2\/posts\/1144\/revisions"}],"wp:attachment":[{"href":"https:\/\/ambkinshasa.esteri.it\/fr\/wp-json\/wp\/v2\/media?parent=1144"}],"wp:term":[{"taxonomy":"post_tag","embeddable":true,"href":"https:\/\/ambkinshasa.esteri.it\/fr\/wp-json\/wp\/v2\/tags?post=1144"}],"curies":[{"name":"wp","href":"https:\/\/api.w.org\/{rel}","templated":true}]}}