{"id":1571,"date":"2024-01-29T13:49:35","date_gmt":"2024-01-29T12:49:35","guid":{"rendered":"https:\/\/ambkinshasa.esteri.it\/news\/dall_ambasciata\/2024\/01\/vertice-internazionale-italia-africa-un-ponte-per-una-crescita-comune-palazzo-madama-29-gennaio-2024\/"},"modified":"2024-01-29T14:24:17","modified_gmt":"2024-01-29T13:24:17","slug":"vertice-internazionale-italia-africa-un-ponte-per-una-crescita-comune-palazzo-madama-29-gennaio-2024","status":"publish","type":"post","link":"https:\/\/ambkinshasa.esteri.it\/fr\/news\/dall_ambasciata\/2024\/01\/vertice-internazionale-italia-africa-un-ponte-per-una-crescita-comune-palazzo-madama-29-gennaio-2024\/","title":{"rendered":"Sommet international \u00ab Italie \u2013 Afrique. Un pont pour une croissance commune\u201d (Palazzo Madama, 29 janvier 2024)"},"content":{"rendered":"<p style=\"text-align: justify;\">La conf\u00e9rence Italie-Afrique, premier \u00e9v\u00e9nement international en Italie depuis le d\u00e9but de la pr\u00e9sidence du G7, est l&#8217;occasion pour le gouvernement Meloni de pr\u00e9senter le Plan Mattei.Il s&#8217;agit d&#8217;un projet extr\u00eamement ambitieux qui vise \u00e0 cr\u00e9er des liens sur le front de l&#8217;approvisionnement \u00e9nerg\u00e9tique (Eni est au premier rang) : &#8220;L&#8217;\u00e9nergie est l&#8217;un des piliers du plan Mattei pour l&#8217;Afrique, le plan de coop\u00e9ration et de d\u00e9veloppement sur lequel l&#8217;Italie travaille avec une grande d\u00e9termination pour construire des partenariats mutuellement b\u00e9n\u00e9fiques et soutenir la s\u00e9curit\u00e9 \u00e9nerg\u00e9tique des pays africains et m\u00e9diterran\u00e9ens&#8221;, a d\u00e9clar\u00e9 le Premier ministre Gorgia Meloni lors de la Cop28 qui s&#8217;est tenue \u00e0 Duba\u00ef en d\u00e9cembre dernier. Ce plan vise \u00e0 adopter une approche globale et non pr\u00e9datrice envers l&#8217;Afrique, d\u00e9passant les logiques coloniales qui influencent une grande partie de la coop\u00e9ration internationale. Le Plan Mattei pr\u00e9voit d&#8217;\u00e9couter les besoins africains pour partager le d\u00e9veloppement socio-\u00e9conomique du continent. Le retour attendu pour l&#8217;Italie et l&#8217;Europe est une s\u00e9curit\u00e9 accrue et une gestion plus ma\u00eetris\u00e9e des flux migratoires. Le Plan Mattei envisage que l&#8217;Italie ouvre la voie \u00e0 une plus grande implication de l&#8217;Union europ\u00e9enne et des institutions internationales, expliquant ainsi les adh\u00e9sions de repr\u00e9sentants europ\u00e9ens de haut niveau ainsi que la participation de d\u00e9l\u00e9gations africaines significatives, malgr\u00e9 l&#8217;absence d&#8217;un repr\u00e9sentant du Nigeria.<\/p>\n","protected":false},"excerpt":{"rendered":"La conf\u00e9rence Italie-Afrique, premier \u00e9v\u00e9nement international en Italie depuis le d\u00e9but de la pr\u00e9sidence du G7, est l&#8217;occasion pour le gouvernement Meloni de pr\u00e9senter le Plan Mattei.Il s&#8217;agit d&#8217;un projet extr\u00eamement ambitieux qui vise \u00e0 cr\u00e9er des liens sur le front de l&#8217;approvisionnement \u00e9nerg\u00e9tique (Eni est au premier rang) : &#8220;L&#8217;\u00e9nergie est l&#8217;un des piliers [&hellip;]","protected":false},"author":4,"featured_media":1562,"comment_status":"closed","ping_status":"closed","sticky":false,"template":"","format":"standard","meta":{"footnotes":""},"tags":[],"class_list":["post-1571","post","type-post","status-publish","format-standard","has-post-thumbnail","hentry"],"_links":{"self":[{"href":"https:\/\/ambkinshasa.esteri.it\/fr\/wp-json\/wp\/v2\/posts\/1571","targetHints":{"allow":["GET"]}}],"collection":[{"href":"https:\/\/ambkinshasa.esteri.it\/fr\/wp-json\/wp\/v2\/posts"}],"about":[{"href":"https:\/\/ambkinshasa.esteri.it\/fr\/wp-json\/wp\/v2\/types\/post"}],"author":[{"embeddable":true,"href":"https:\/\/ambkinshasa.esteri.it\/fr\/wp-json\/wp\/v2\/users\/4"}],"replies":[{"embeddable":true,"href":"https:\/\/ambkinshasa.esteri.it\/fr\/wp-json\/wp\/v2\/comments?post=1571"}],"version-history":[{"count":3,"href":"https:\/\/ambkinshasa.esteri.it\/fr\/wp-json\/wp\/v2\/posts\/1571\/revisions"}],"predecessor-version":[{"id":1576,"href":"https:\/\/ambkinshasa.esteri.it\/fr\/wp-json\/wp\/v2\/posts\/1571\/revisions\/1576"}],"wp:featuredmedia":[{"embeddable":true,"href":"https:\/\/ambkinshasa.esteri.it\/fr\/wp-json\/wp\/v2\/media\/1562"}],"wp:attachment":[{"href":"https:\/\/ambkinshasa.esteri.it\/fr\/wp-json\/wp\/v2\/media?parent=1571"}],"wp:term":[{"taxonomy":"post_tag","embeddable":true,"href":"https:\/\/ambkinshasa.esteri.it\/fr\/wp-json\/wp\/v2\/tags?post=1571"}],"curies":[{"name":"wp","href":"https:\/\/api.w.org\/{rel}","templated":true}]}}