{"id":1828,"date":"2024-03-28T01:32:56","date_gmt":"2024-03-28T00:32:56","guid":{"rendered":"https:\/\/ambkinshasa.esteri.it\/news\/dall_ambasciata\/2024\/03\/1825\/"},"modified":"2024-03-28T01:40:18","modified_gmt":"2024-03-28T00:40:18","slug":"1825","status":"publish","type":"post","link":"https:\/\/ambkinshasa.esteri.it\/fr\/news\/dall_ambasciata\/2024\/03\/1825\/","title":{"rendered":"Un banc rouge contre les violences faites aux femmes."},"content":{"rendered":"<p>L\u2019Ambassade d\u2019Italie, suite \u00e0 l\u2019invitation du VPM et Ministre des affaires \u00e9trang\u00e8res Antonio_Tajani, a install\u00e9 aujourd\u2019hui dans le jardin de la chancellerie \u00e0 Kinshasa un banc rouge en m\u00e9moire des victimes des f\u00e9minicides.<\/p>\n<p>Le gouvernement italien est fortement engag\u00e9 dans la lutte contre la violence sur les femmes en Italie et \u00e0 l\u2019\u00e9tranger.<\/p>\n","protected":false},"excerpt":{"rendered":"L\u2019Ambassade d\u2019Italie, suite \u00e0 l\u2019invitation du VPM et Ministre des affaires \u00e9trang\u00e8res Antonio_Tajani, a install\u00e9 aujourd\u2019hui dans le jardin de la chancellerie \u00e0 Kinshasa un banc rouge en m\u00e9moire des victimes des f\u00e9minicides. Le gouvernement italien est fortement engag\u00e9 dans la lutte contre la violence sur les femmes en Italie et \u00e0 l\u2019\u00e9tranger.","protected":false},"author":4,"featured_media":1832,"comment_status":"closed","ping_status":"closed","sticky":false,"template":"","format":"standard","meta":{"footnotes":""},"tags":[],"class_list":["post-1828","post","type-post","status-publish","format-standard","has-post-thumbnail","hentry"],"_links":{"self":[{"href":"https:\/\/ambkinshasa.esteri.it\/fr\/wp-json\/wp\/v2\/posts\/1828","targetHints":{"allow":["GET"]}}],"collection":[{"href":"https:\/\/ambkinshasa.esteri.it\/fr\/wp-json\/wp\/v2\/posts"}],"about":[{"href":"https:\/\/ambkinshasa.esteri.it\/fr\/wp-json\/wp\/v2\/types\/post"}],"author":[{"embeddable":true,"href":"https:\/\/ambkinshasa.esteri.it\/fr\/wp-json\/wp\/v2\/users\/4"}],"replies":[{"embeddable":true,"href":"https:\/\/ambkinshasa.esteri.it\/fr\/wp-json\/wp\/v2\/comments?post=1828"}],"version-history":[{"count":1,"href":"https:\/\/ambkinshasa.esteri.it\/fr\/wp-json\/wp\/v2\/posts\/1828\/revisions"}],"predecessor-version":[{"id":1829,"href":"https:\/\/ambkinshasa.esteri.it\/fr\/wp-json\/wp\/v2\/posts\/1828\/revisions\/1829"}],"wp:featuredmedia":[{"embeddable":true,"href":"https:\/\/ambkinshasa.esteri.it\/fr\/wp-json\/wp\/v2\/media\/1832"}],"wp:attachment":[{"href":"https:\/\/ambkinshasa.esteri.it\/fr\/wp-json\/wp\/v2\/media?parent=1828"}],"wp:term":[{"taxonomy":"post_tag","embeddable":true,"href":"https:\/\/ambkinshasa.esteri.it\/fr\/wp-json\/wp\/v2\/tags?post=1828"}],"curies":[{"name":"wp","href":"https:\/\/api.w.org\/{rel}","templated":true}]}}