{"id":1980,"date":"2024-05-10T12:37:10","date_gmt":"2024-05-10T11:37:10","guid":{"rendered":"https:\/\/ambkinshasa.esteri.it\/news\/dall_ambasciata\/2024\/05\/macfrut-6-italie-rdc-un-partenariat-au-potentiel-enorme\/"},"modified":"2024-05-10T13:25:13","modified_gmt":"2024-05-10T12:25:13","slug":"macfrut-6-italie-rdc-un-partenariat-au-potentiel-enorme","status":"publish","type":"post","link":"https:\/\/ambkinshasa.esteri.it\/fr\/news\/dall_ambasciata\/2024\/05\/macfrut-6-italie-rdc-un-partenariat-au-potentiel-enorme\/","title":{"rendered":"Macfrut &#8211; Italie-RDC : un partenariat au potentiel \u00e9norme"},"content":{"rendered":"<p style=\"text-align: justify;\"><strong>LE PROGRAMME DE TRANSFORMATION AGRICOLE DE LA RDC A \u00c9T\u00c9 PR\u00c9SENT\u00c9 \u00c0 LA FOIRE<\/strong><\/p>\n<p style=\"text-align: justify;\">Parmi les nombreux \u00e9v\u00e9nements de la deuxi\u00e8me journ\u00e9e du salon Macfrut, la R\u00e9publique D\u00e9mocratique du Congo a pr\u00e9sent\u00e9 des opportunit\u00e9s de partenariat pour les entreprises italiennes souhaitant investir dans cet \u00c9tat africain. C&#8217;est le th\u00e8me sous-jacent de l&#8217;\u00e9v\u00e9nement organis\u00e9 le jeudi 9 mai au Rimini Expo Centre. A cette occasion le Programme de Transformation Agricole (ATP) du pays a \u00e9t\u00e9 pr\u00e9sent\u00e9, en pr\u00e9sence de Renzo Piraccini, pr\u00e9sident de Macfrut, et de l&#8217;ambassadeur Mauro Battocchi, directeur g\u00e9n\u00e9ral pour la promotion du syst\u00e8me national au Minist\u00e8re des Affaires \u00c9trang\u00e8res et de la Coop\u00e9ration Internationale.<\/p>\n<p style=\"text-align: justify;\">Philippe Ngwala Malemba, coordinateur national du Fonds Social, l&#8217;organisme de mise en \u0153uvre du Plan, et l&#8217;agronome Alphonse Roger Ntoto ont illustr\u00e9 le programme de transformation agricole. La R\u00e9publique D\u00e9mocratique du Congo pr\u00e9sente un tr\u00e8s fort potentiel et souhaite lancer des opportunit\u00e9s de partenariat pour les entreprises italiennes souhaitant investir dans cet \u00c9tat africain. &#8220;Ce salon&#8221;, a d\u00e9clar\u00e9 Piraccini, &#8220;repr\u00e9sente un format tr\u00e8s particulier, qui combine l&#8217;opportunit\u00e9 de collaboration avec des entreprises italiennes et europ\u00e9ennes, que nous sommes heureux d&#8217;offrir ici dans le cadre de Macfrut, avec une opportunit\u00e9 de connaissance&#8221;.<\/p>\n<p style=\"text-align: justify;\">Les opportunit\u00e9s sont nombreuses pour les entreprises \u00e9trang\u00e8res qui souhaitent investir en R\u00e9publique D\u00e9mocratique du Congo, qui a mis en \u0153uvre un projet de modernisation \u00e0 travers le Programme de Transformation Agricole, une approche d&#8217;investissement qui vise \u00e0 augmenter la productivit\u00e9 des agriculteurs. L&#8217;ATP est n\u00e9e du Pacte National pour l&#8217;Alimentation et l&#8217;Agriculture en R\u00e9publique D\u00e9mocratique du Congo et s&#8217;inscrit &#8211; comme l&#8217;a expliqu\u00e9 Ngwala Malemba \u00e0 l&#8217;assistance &#8211; dans l&#8217;initiative pr\u00e9sidentielle qui consacre la \u00ab revanche du sol sur le sous-sol \u00bb comme nouveau paradigme de r\u00e9silience et d\u00e9veloppement \u00e9conomique national. \u00ab Nous voulons faire conna\u00eetre notre Plan et cr\u00e9er des partenariats b\u00e9n\u00e9fiques pour les deux pays. La R\u00e9publique D\u00e9mocratique du Congo poss\u00e8de 80 millions d&#8217;hectares de terres arables. Le programme vise \u00e0 accro\u00eetre la productivit\u00e9 des agriculteurs gr\u00e2ce \u00e0 un acc\u00e8s s\u00e9curis\u00e9 aux intrants et aux services agricoles essentiels et \u00e0 assurer la connectivit\u00e9 des bassins de production aux centres de transformation agro-industrielle et aux march\u00e9s gr\u00e2ce \u00e0 une am\u00e9lioration de la fourniture d&#8217;infrastructures cibl\u00e9es \u00bb.<\/p>\n<p style=\"text-align: justify;\">Pour les \u00c9tats \u00e9trangers, il existe des opportunit\u00e9s d\u2019investissement dans les cha\u00eenes de valeur. \u00c0 cet \u00e9gard, l&#8217;Ambassadeur Battocchi a d\u00e9clar\u00e9 : \u00ab Nous confirmons notre volont\u00e9 de d\u00e9velopper des projets avec l&#8217;Afrique, comme en t\u00e9moigne le grand effort que la Farnesina r\u00e9alise dans ce sens, une grande action que nous pouvons d\u00e9finir comme syst\u00e9mique. L&#8217;Afrique peut compter sur l&#8217;int\u00e9r\u00eat du gouvernement italien pour d\u00e9velopper des partenariats commerciaux \u00bb. Le d\u00e9veloppement de la recherche \u00e0 l&#8217;\u00e9chelle africaine s&#8217;\u00e9tend \u00e9galement \u00e0 la p\u00eache et \u00e0 l&#8217;aquaculture : il existe un r\u00e9seau hydrographique dense, riche en ressources halieutiques et une grande vari\u00e9t\u00e9 d&#8217;\u00e9cosyst\u00e8mes \u00e0 forte biodiversit\u00e9. La cha\u00eene d\u2019approvisionnement horticole repr\u00e9sente \u00e9galement un grand potentiel de substitution aux importations. En R\u00e9publique D\u00e9mocratique du Congo, par exemple, le d\u00e9veloppement du march\u00e9 international du manioc profite aux grands \u00e9levages et l\u2019on r\u00e9fl\u00e9chit sur la possibilit\u00e9 de remplacer le bl\u00e9 par du manioc pour la panification, ce qui constituerait \u00e9galement une r\u00e9ponse \u00e0 la crise ukraino-russe.<\/p>\n<p style=\"text-align: justify;\">Les projets de la R\u00e9publique du Congo incluent \u00e9galement l&#8217;am\u00e9lioration du climat d&#8217;investissement et de la politique commerciale en r\u00e9organisant les secteurs cibles et leur encadrement. L&#8217;objectif du gouvernement est de r\u00e9duire la valeur des importations de 60 % d&#8217;ici cinq ans, estim\u00e9es \u00e0 pr\u00e8s de 6,5 milliards de dollars par an. Deux projets sont en pr\u00e9paration pour am\u00e9liorer la gouvernance du secteur et la qualit\u00e9 de la main-d&#8217;\u0153uvre et de l&#8217;entrepreneuriat et r\u00e9duire l&#8217;incidence de l&#8217;ins\u00e9curit\u00e9 alimentaire et des importations alimentaires en R\u00e9publique D\u00e9mocratique du Congo.<\/p>\n<p style=\"text-align: justify;\">Source: https:\/\/www.efanews.eu\/<\/p>\n","protected":false},"excerpt":{"rendered":"LE PROGRAMME DE TRANSFORMATION AGRICOLE DE LA RDC A \u00c9T\u00c9 PR\u00c9SENT\u00c9 \u00c0 LA FOIRE Parmi les nombreux \u00e9v\u00e9nements de la deuxi\u00e8me journ\u00e9e du salon Macfrut, la R\u00e9publique D\u00e9mocratique du Congo a pr\u00e9sent\u00e9 des opportunit\u00e9s de partenariat pour les entreprises italiennes souhaitant investir dans cet \u00c9tat africain. C&#8217;est le th\u00e8me sous-jacent de l&#8217;\u00e9v\u00e9nement organis\u00e9 le jeudi [&hellip;]","protected":false},"author":4,"featured_media":1977,"comment_status":"closed","ping_status":"closed","sticky":false,"template":"","format":"standard","meta":{"footnotes":""},"tags":[],"class_list":["post-1980","post","type-post","status-publish","format-standard","has-post-thumbnail","hentry"],"_links":{"self":[{"href":"https:\/\/ambkinshasa.esteri.it\/fr\/wp-json\/wp\/v2\/posts\/1980","targetHints":{"allow":["GET"]}}],"collection":[{"href":"https:\/\/ambkinshasa.esteri.it\/fr\/wp-json\/wp\/v2\/posts"}],"about":[{"href":"https:\/\/ambkinshasa.esteri.it\/fr\/wp-json\/wp\/v2\/types\/post"}],"author":[{"embeddable":true,"href":"https:\/\/ambkinshasa.esteri.it\/fr\/wp-json\/wp\/v2\/users\/4"}],"replies":[{"embeddable":true,"href":"https:\/\/ambkinshasa.esteri.it\/fr\/wp-json\/wp\/v2\/comments?post=1980"}],"version-history":[{"count":3,"href":"https:\/\/ambkinshasa.esteri.it\/fr\/wp-json\/wp\/v2\/posts\/1980\/revisions"}],"predecessor-version":[{"id":1985,"href":"https:\/\/ambkinshasa.esteri.it\/fr\/wp-json\/wp\/v2\/posts\/1980\/revisions\/1985"}],"wp:featuredmedia":[{"embeddable":true,"href":"https:\/\/ambkinshasa.esteri.it\/fr\/wp-json\/wp\/v2\/media\/1977"}],"wp:attachment":[{"href":"https:\/\/ambkinshasa.esteri.it\/fr\/wp-json\/wp\/v2\/media?parent=1980"}],"wp:term":[{"taxonomy":"post_tag","embeddable":true,"href":"https:\/\/ambkinshasa.esteri.it\/fr\/wp-json\/wp\/v2\/tags?post=1980"}],"curies":[{"name":"wp","href":"https:\/\/api.w.org\/{rel}","templated":true}]}}