{"id":2063,"date":"2024-06-18T14:20:59","date_gmt":"2024-06-18T13:20:59","guid":{"rendered":"https:\/\/ambkinshasa.esteri.it\/news\/dall_ambasciata\/2024\/06\/dichiarazione-finale-del-vertice-g7-borgo-egnazia-13-15-giugno-2024\/"},"modified":"2024-06-20T14:26:57","modified_gmt":"2024-06-20T13:26:57","slug":"dichiarazione-finale-del-vertice-g7-borgo-egnazia-13-15-giugno-2024","status":"publish","type":"post","link":"https:\/\/ambkinshasa.esteri.it\/fr\/news\/dall_ambasciata\/2024\/06\/dichiarazione-finale-del-vertice-g7-borgo-egnazia-13-15-giugno-2024\/","title":{"rendered":"D\u00e9claration finale du Sommet du G7 (Borgo Egnazia, 13-15 juin 2024)"},"content":{"rendered":"<p style=\"text-align: justify;\"><strong>Preambule<\/strong><\/p>\n<p style=\"text-align: justify;\">Nous, dirigeants du Groupe des Sept (G7), nous sommes r\u00e9unis dans les Pouilles pour r\u00e9affirmer notre unit\u00e9 et notre d\u00e9termination durables pour relever les d\u00e9fis mondiaux \u00e0 un moment crucial de l\u2019histoire et alors que la communaut\u00e9 internationale est confront\u00e9e \u00e0 de multiples crises interconnect\u00e9es.<\/p>\n<p style=\"text-align: justify;\">Nous r\u00e9affirmons notre croyance commune dans les principes d\u00e9mocratiques et les soci\u00e9t\u00e9s libres, les droits de l&#8217;homme universels, le progr\u00e8s social et le respect du multilat\u00e9ralisme et de l&#8217;\u00c9tat de droit. Nous nous engageons \u00e0 offrir des opportunit\u00e9s et \u00e0 rechercher une prosp\u00e9rit\u00e9 partag\u00e9e. Nous cherchons \u00e0 renforcer les r\u00e8gles et normes internationales pour le b\u00e9n\u00e9fice de tous.<\/p>\n<p style=\"text-align: justify;\">Notre travail repose sur notre engagement \u00e0 respecter la Charte des Nations Unies, \u00e0 sauvegarder la paix et la s\u00e9curit\u00e9 internationales et \u00e0 soutenir un ordre international libre et ouvert fond\u00e9 sur des r\u00e8gles. Nous soutiendrons une gouvernance mondiale plus efficace, inclusive et \u00e9quitable, qui refl\u00e8te notre monde en \u00e9volution. Nous r\u00e9affirmons notre engagement \u00e0 d\u00e9fendre la dignit\u00e9 humaine et l\u2019\u00e9tat de droit dans toutes les r\u00e9gions du monde.<\/p>\n<p style=\"text-align: justify;\">Nous travaillons ensemble et avec d\u2019autres pour relever les d\u00e9fis urgents de notre \u00e9poque. Nous sommes : &#8230;continuez sur le\u00a0<a href=\"https:\/\/ambkinshasa.esteri.it\/wp-content\/uploads\/2024\/06\/Apulia-G7-Leaders-Communique.pdf\">lien<\/a><\/p>\n","protected":false},"excerpt":{"rendered":"Preambule Nous, dirigeants du Groupe des Sept (G7), nous sommes r\u00e9unis dans les Pouilles pour r\u00e9affirmer notre unit\u00e9 et notre d\u00e9termination durables pour relever les d\u00e9fis mondiaux \u00e0 un moment crucial de l\u2019histoire et alors que la communaut\u00e9 internationale est confront\u00e9e \u00e0 de multiples crises interconnect\u00e9es. Nous r\u00e9affirmons notre croyance commune dans les principes d\u00e9mocratiques [&hellip;]","protected":false},"author":4,"featured_media":2051,"comment_status":"closed","ping_status":"closed","sticky":false,"template":"","format":"standard","meta":{"footnotes":""},"tags":[],"class_list":["post-2063","post","type-post","status-publish","format-standard","has-post-thumbnail","hentry"],"_links":{"self":[{"href":"https:\/\/ambkinshasa.esteri.it\/fr\/wp-json\/wp\/v2\/posts\/2063","targetHints":{"allow":["GET"]}}],"collection":[{"href":"https:\/\/ambkinshasa.esteri.it\/fr\/wp-json\/wp\/v2\/posts"}],"about":[{"href":"https:\/\/ambkinshasa.esteri.it\/fr\/wp-json\/wp\/v2\/types\/post"}],"author":[{"embeddable":true,"href":"https:\/\/ambkinshasa.esteri.it\/fr\/wp-json\/wp\/v2\/users\/4"}],"replies":[{"embeddable":true,"href":"https:\/\/ambkinshasa.esteri.it\/fr\/wp-json\/wp\/v2\/comments?post=2063"}],"version-history":[{"count":3,"href":"https:\/\/ambkinshasa.esteri.it\/fr\/wp-json\/wp\/v2\/posts\/2063\/revisions"}],"predecessor-version":[{"id":2070,"href":"https:\/\/ambkinshasa.esteri.it\/fr\/wp-json\/wp\/v2\/posts\/2063\/revisions\/2070"}],"wp:featuredmedia":[{"embeddable":true,"href":"https:\/\/ambkinshasa.esteri.it\/fr\/wp-json\/wp\/v2\/media\/2051"}],"wp:attachment":[{"href":"https:\/\/ambkinshasa.esteri.it\/fr\/wp-json\/wp\/v2\/media?parent=2063"}],"wp:term":[{"taxonomy":"post_tag","embeddable":true,"href":"https:\/\/ambkinshasa.esteri.it\/fr\/wp-json\/wp\/v2\/tags?post=2063"}],"curies":[{"name":"wp","href":"https:\/\/api.w.org\/{rel}","templated":true}]}}