{"id":2219,"date":"2024-08-07T14:15:48","date_gmt":"2024-08-07T13:15:48","guid":{"rendered":"https:\/\/ambkinshasa.esteri.it\/news\/dall_ambasciata\/2024\/08\/bando-privati-2024-domande-per-la-richiesta-di-contributi-a-progetti-aventi-la-finalita-di-consentire-la-partecipazione-italiana-ad-iniziative-di-pace-ed-umanitarie-in-sede-internazionale-a\/"},"modified":"2024-08-30T14:29:44","modified_gmt":"2024-08-30T13:29:44","slug":"bando-privati-2024-domande-per-la-richiesta-di-contributi-a-progetti-aventi-la-finalita-di-consentire-la-partecipazione-italiana-ad-iniziative-di-pace-ed-umanitarie-in-sede-internazionale-a","status":"publish","type":"post","link":"https:\/\/ambkinshasa.esteri.it\/fr\/news\/dall_ambasciata\/2024\/08\/bando-privati-2024-domande-per-la-richiesta-di-contributi-a-progetti-aventi-la-finalita-di-consentire-la-partecipazione-italiana-ad-iniziative-di-pace-ed-umanitarie-in-sede-internazionale-a\/","title":{"rendered":"Appel d&#8217;offres priv\u00e9 2024 \u2013 Demandes de demandes de contributions \u00e0 des projets visant \u00e0 permettre la participation italienne \u00e0 des initiatives internationales de paix et humanitaires conform\u00e9ment \u00e0 l&#8217;article 23-ter du d\u00e9cret pr\u00e9sidentiel. 18\/1967."},"content":{"rendered":"<p style=\"text-align: justify;\">Pour permettre la participation italienne aux initiatives internationales de paix et humanitaires, le Minist\u00e8re des Affaires \u00e9trang\u00e8res et de la Coop\u00e9ration internationale est autoris\u00e9, conform\u00e9ment \u00e0 l&#8217;art. 23 Ter D\u00e9cret pr\u00e9sidentiel 18\/1967, paragraphe 2, pour accorder des contributions \u00e0 des initiatives propos\u00e9es par des entit\u00e9s priv\u00e9es italiennes et \u00e9trang\u00e8res, \u00e0 la suite d&#8217;une proc\u00e9dure publique, dans le respect des principes de transparence et d&#8217;\u00e9galit\u00e9 de traitement.<\/p>\n<p style=\"text-align: justify;\">Pour l&#8217;affectation des contributions des ressources relevant de sa comp\u00e9tence pour 2024, la direction g\u00e9n\u00e9rale de la mondialisation (DGMO), la direction g\u00e9n\u00e9rale des affaires politiques et de s\u00e9curit\u00e9 (DGAP) et la direction g\u00e9n\u00e9rale de l&#8217;Europe et de la politique commerciale internationale (DGUE) ont \u00e9tabli avis publicitaires pour le versement des contributions.<\/p>\n<p style=\"text-align: justify;\"><strong><a href=\"https:\/\/ambkinshasa.esteri.it\/wp-content\/uploads\/2024\/08\/CM_20862.pdf\">Bando Privati 2024 &#8211; Decreto di avvio della procedura per l\u2019erogazione dei contributi di competenza della Direzione Generale per gli Affari Politici e di Sicurezza a soggetti privati<\/a><\/strong><\/p>\n<p style=\"text-align: justify;\"><strong><a href=\"https:\/\/ambkinshasa.esteri.it\/wp-content\/uploads\/2024\/08\/CM_20863_BANDO.pdf\">Bando Privati 2024 &#8211; Avviso di pubblicit\u00e0<\/a><\/strong><\/p>\n<p style=\"text-align: justify;\"><strong><a href=\"https:\/\/ambkinshasa.esteri.it\/wp-content\/uploads\/2024\/08\/CM_20864_A.pdf\">Bando Privati 2024 &#8211; Allegato A<\/a><\/strong><\/p>\n<p style=\"text-align: justify;\"><strong><a href=\"https:\/\/ambkinshasa.esteri.it\/wp-content\/uploads\/2024\/08\/CM_20865_B.pdf\">Bando Privati 2024 &#8211; Allegato B<\/a><\/strong><\/p>\n<p style=\"text-align: justify;\"><strong><a href=\"https:\/\/ambkinshasa.esteri.it\/wp-content\/uploads\/2024\/08\/CM_20866_C.pdf\">Bando Privati 2024 &#8211; Allegato C<\/a><\/strong><\/p>\n<p><strong><a href=\"https:\/\/ambkinshasa.esteri.it\/wp-content\/uploads\/2024\/08\/CM_20867_D.pdf\">Bando Privati 2024 &#8211; Allegato D<\/a><\/strong><\/p>\n<p style=\"text-align: justify;\">En ce qui concerne les modalit\u00e9s de pr\u00e9sentation des candidatures, l&#8217;article 4 des deux Avis pr\u00e9voit que, pour les sujets ayant leur si\u00e8ge social dans un pays tiers, la candidature est introduite exclusivement par l&#8217;interm\u00e9diaire de la Repr\u00e9sentation diplomatique italienne territorialement comp\u00e9tente (paragraphe 2) et que, au lieu de la d\u00e9claration tenant lieu de certifications selon le mod\u00e8le joint \u00e0 l&#8217;Avis, les m\u00eames sujets doivent produire des documents \u00e9quivalents appropri\u00e9s selon la l\u00e9gislation de l&#8217;\u00c9tat auquel ils appartiennent, l\u00e9galis\u00e9s par la Repr\u00e9sentation Diplomatique Italienne territorialement comp\u00e9tente (paragraphe 5) .<\/p>\n<p style=\"text-align: justify;\">Par ailleurs, aux fins de respecter le d\u00e9lai final fix\u00e9 par les Avis (13 septembre 2024 pour l&#8217;Avis DGMO, 13 septembre pour l&#8217;Avis DGAP, 30 septembre 2024 pour l&#8217;Avis DGUE) au MAECI|3330203|06\/08\/2024| 0001389-Le cachet appos\u00e9 par la Repr\u00e9sentation Diplomatique d\u00e8s r\u00e9ception de la demande fera foi (paragraphe 6).<\/p>\n","protected":false},"excerpt":{"rendered":"Pour permettre la participation italienne aux initiatives internationales de paix et humanitaires, le Minist\u00e8re des Affaires \u00e9trang\u00e8res et de la Coop\u00e9ration internationale est autoris\u00e9, conform\u00e9ment \u00e0 l&#8217;art. 23 Ter D\u00e9cret pr\u00e9sidentiel 18\/1967, paragraphe 2, pour accorder des contributions \u00e0 des initiatives propos\u00e9es par des entit\u00e9s priv\u00e9es italiennes et \u00e9trang\u00e8res, \u00e0 la suite d&#8217;une proc\u00e9dure publique, [&hellip;]","protected":false},"author":4,"featured_media":2214,"comment_status":"closed","ping_status":"closed","sticky":false,"template":"","format":"standard","meta":{"footnotes":""},"tags":[],"class_list":["post-2219","post","type-post","status-publish","format-standard","has-post-thumbnail","hentry"],"_links":{"self":[{"href":"https:\/\/ambkinshasa.esteri.it\/fr\/wp-json\/wp\/v2\/posts\/2219","targetHints":{"allow":["GET"]}}],"collection":[{"href":"https:\/\/ambkinshasa.esteri.it\/fr\/wp-json\/wp\/v2\/posts"}],"about":[{"href":"https:\/\/ambkinshasa.esteri.it\/fr\/wp-json\/wp\/v2\/types\/post"}],"author":[{"embeddable":true,"href":"https:\/\/ambkinshasa.esteri.it\/fr\/wp-json\/wp\/v2\/users\/4"}],"replies":[{"embeddable":true,"href":"https:\/\/ambkinshasa.esteri.it\/fr\/wp-json\/wp\/v2\/comments?post=2219"}],"version-history":[{"count":2,"href":"https:\/\/ambkinshasa.esteri.it\/fr\/wp-json\/wp\/v2\/posts\/2219\/revisions"}],"predecessor-version":[{"id":2221,"href":"https:\/\/ambkinshasa.esteri.it\/fr\/wp-json\/wp\/v2\/posts\/2219\/revisions\/2221"}],"wp:featuredmedia":[{"embeddable":true,"href":"https:\/\/ambkinshasa.esteri.it\/fr\/wp-json\/wp\/v2\/media\/2214"}],"wp:attachment":[{"href":"https:\/\/ambkinshasa.esteri.it\/fr\/wp-json\/wp\/v2\/media?parent=2219"}],"wp:term":[{"taxonomy":"post_tag","embeddable":true,"href":"https:\/\/ambkinshasa.esteri.it\/fr\/wp-json\/wp\/v2\/tags?post=2219"}],"curies":[{"name":"wp","href":"https:\/\/api.w.org\/{rel}","templated":true}]}}