{"id":2487,"date":"2024-12-20T10:45:05","date_gmt":"2024-12-20T09:45:05","guid":{"rendered":"https:\/\/ambkinshasa.esteri.it\/news\/dall_ambasciata\/2024\/12\/comunicato-di-auguri\/"},"modified":"2024-12-20T10:46:51","modified_gmt":"2024-12-20T09:46:51","slug":"comunicato-di-auguri","status":"publish","type":"post","link":"https:\/\/ambkinshasa.esteri.it\/fr\/news\/dall_ambasciata\/2024\/12\/comunicato-di-auguri\/","title":{"rendered":"COMMUNIQUE DE VOEUX"},"content":{"rendered":"<p style=\"text-align: justify;\">L\u2019Ambassade d\u2019Italie \u00e0 Kinshasa souhaite adresser ses v\u0153ux les plus chaleureux de joyeuses f\u00eates \u00e0 tous les compatriotes, aux citoyens de la R\u00e9publique D\u00e9mocratique du Congo et \u00e0 tous les amis de l\u2019Italie.<\/p>\n<p style=\"text-align: justify;\">En cette p\u00e9riode de f\u00eate, nous nous unissons pour c\u00e9l\u00e9brer les valeurs de paix, de solidarit\u00e9 et de fraternit\u00e9 qui nous unissent et renforcent les liens entre nos communaut\u00e9s.<\/p>\n<p style=\"text-align: justify;\">Nous renouvelons notre engagement \u00e0 travailler avec d\u00e9vouement pour promouvoir le dialogue, la coop\u00e9ration et le d\u00e9veloppement culturel et \u00e9conomique entre l\u2019Italie et la R\u00e9publique D\u00e9mocratique du Congo, en esp\u00e9rant que la nouvelle ann\u00e9e apporte prosp\u00e9rit\u00e9, s\u00e9r\u00e9nit\u00e9 et opportunit\u00e9s pour tous.<\/p>\n<p style=\"text-align: justify;\">Avec nos meilleurs v\u0153ux,<br \/>\nL\u2019Ambassadeur Dino Sorrentino<br \/>\net le personnel de l\u2019Ambassade d\u2019Italie \u00e0 Kinshasa<\/p>\n","protected":false},"excerpt":{"rendered":"L\u2019Ambassade d\u2019Italie \u00e0 Kinshasa souhaite adresser ses v\u0153ux les plus chaleureux de joyeuses f\u00eates \u00e0 tous les compatriotes, aux citoyens de la R\u00e9publique D\u00e9mocratique du Congo et \u00e0 tous les amis de l\u2019Italie. En cette p\u00e9riode de f\u00eate, nous nous unissons pour c\u00e9l\u00e9brer les valeurs de paix, de solidarit\u00e9 et de fraternit\u00e9 qui nous unissent [&hellip;]","protected":false},"author":4,"featured_media":2481,"comment_status":"closed","ping_status":"closed","sticky":false,"template":"","format":"standard","meta":{"footnotes":""},"tags":[],"class_list":["post-2487","post","type-post","status-publish","format-standard","has-post-thumbnail","hentry"],"_links":{"self":[{"href":"https:\/\/ambkinshasa.esteri.it\/fr\/wp-json\/wp\/v2\/posts\/2487","targetHints":{"allow":["GET"]}}],"collection":[{"href":"https:\/\/ambkinshasa.esteri.it\/fr\/wp-json\/wp\/v2\/posts"}],"about":[{"href":"https:\/\/ambkinshasa.esteri.it\/fr\/wp-json\/wp\/v2\/types\/post"}],"author":[{"embeddable":true,"href":"https:\/\/ambkinshasa.esteri.it\/fr\/wp-json\/wp\/v2\/users\/4"}],"replies":[{"embeddable":true,"href":"https:\/\/ambkinshasa.esteri.it\/fr\/wp-json\/wp\/v2\/comments?post=2487"}],"version-history":[{"count":1,"href":"https:\/\/ambkinshasa.esteri.it\/fr\/wp-json\/wp\/v2\/posts\/2487\/revisions"}],"predecessor-version":[{"id":2489,"href":"https:\/\/ambkinshasa.esteri.it\/fr\/wp-json\/wp\/v2\/posts\/2487\/revisions\/2489"}],"wp:featuredmedia":[{"embeddable":true,"href":"https:\/\/ambkinshasa.esteri.it\/fr\/wp-json\/wp\/v2\/media\/2481"}],"wp:attachment":[{"href":"https:\/\/ambkinshasa.esteri.it\/fr\/wp-json\/wp\/v2\/media?parent=2487"}],"wp:term":[{"taxonomy":"post_tag","embeddable":true,"href":"https:\/\/ambkinshasa.esteri.it\/fr\/wp-json\/wp\/v2\/tags?post=2487"}],"curies":[{"name":"wp","href":"https:\/\/api.w.org\/{rel}","templated":true}]}}