{"id":2651,"date":"2025-05-05T11:48:21","date_gmt":"2025-05-05T10:48:21","guid":{"rendered":"https:\/\/ambkinshasa.esteri.it\/news\/dall_ambasciata\/2025\/05\/borse-di-studio-del-governo-italiano-per-la-a-2025-2026\/"},"modified":"2025-05-05T11:59:22","modified_gmt":"2025-05-05T10:59:22","slug":"borse-di-studio-del-governo-italiano-per-la-a-2025-2026","status":"publish","type":"post","link":"https:\/\/ambkinshasa.esteri.it\/fr\/news\/dall_ambasciata\/2025\/05\/borse-di-studio-del-governo-italiano-per-la-a-2025-2026\/","title":{"rendered":"BOURSES D&#8217;\u00c9TUDES DU GOUVERNEMENT ITALIEN POUR L&#8217;ANN\u00c9E UNIVERSITAIRE 2025-2026"},"content":{"rendered":"<p class=\"\" data-start=\"119\" data-end=\"432\">L\u2019Ambassade d\u2019Italie \u00e0 Kinshasa informe que l\u2019appel \u00e0 candidatures pour l\u2019attribution des <strong data-start=\"209\" data-end=\"266\">bourses d\u2019\u00e9tudes offertes par le Gouvernement italien<\/strong> \u00e0 des \u00e9tudiants \u00e9trangers r\u00e9sidant \u00e0 l\u2019\u00e9tranger et \u00e0 des citoyens italiens r\u00e9sidant \u00e0 l\u2019\u00e9tranger (IRE) pour l\u2019ann\u00e9e universitaire 2025-2026 est d\u00e9sormais <strong data-start=\"421\" data-end=\"431\">ouvert<\/strong>.<\/p>\n<p class=\"\" data-start=\"434\" data-end=\"701\">Les bourses d\u2019\u00e9tudes repr\u00e9sentent une opportunit\u00e9 de suivre des cours universitaires et des programmes de formation avanc\u00e9e dans des institutions italiennes, en favorisant la coop\u00e9ration culturelle, scientifique et linguistique entre l\u2019Italie et les pays partenaires.<\/p>\n<p class=\"\" style=\"text-align: justify;\" data-start=\"510\" data-end=\"749\"><strong data-start=\"706\" data-end=\"749\">Date limite de d\u00e9p\u00f4t des candidatures : 16 mai 2025, \u00e0 14h00 (heure italienne) \/ 13h00 (heure de Kinshasa)<\/strong><\/p>\n<p class=\"\" data-start=\"820\" data-end=\"854\"><strong data-start=\"823\" data-end=\"852\">Types de cours financ\u00e9s :<\/strong><\/p>\n<ul data-start=\"855\" data-end=\"1153\">\n<li class=\"\" data-start=\"855\" data-end=\"890\">\n<p class=\"\" data-start=\"857\" data-end=\"890\">Master universitaire (2e cycle)<\/p>\n<\/li>\n<li class=\"\" data-start=\"891\" data-end=\"965\">\n<p class=\"\" data-start=\"893\" data-end=\"965\">Formation artistique, musicale et chor\u00e9graphique de haut niveau (AFAM)<\/p>\n<\/li>\n<li class=\"\" data-start=\"966\" data-end=\"992\">\n<p class=\"\" data-start=\"968\" data-end=\"992\">Doctorats de recherche<\/p>\n<\/li>\n<li class=\"\" data-start=\"993\" data-end=\"1031\">\n<p class=\"\" data-start=\"995\" data-end=\"1031\">Projets de recherche en co-tutelle<\/p>\n<\/li>\n<li class=\"\" data-start=\"1032\" data-end=\"1084\">\n<p class=\"\" data-start=\"1034\" data-end=\"1084\">Cours avanc\u00e9s de langue et de culture italiennes<\/p>\n<\/li>\n<li class=\"\" data-start=\"1085\" data-end=\"1153\">\n<p class=\"\" data-start=\"1087\" data-end=\"1153\">(Dans certains cas) Licences (1er cycle) et Masters \u00e0 cycle unique<\/p>\n<\/li>\n<\/ul>\n<p class=\"\" data-start=\"1155\" data-end=\"1183\"><strong data-start=\"1158\" data-end=\"1181\">Dur\u00e9e des bourses :<\/strong><\/p>\n<ul data-start=\"3329\" data-end=\"3565\">\n<li class=\"\" data-start=\"3473\" data-end=\"3565\">\n<p class=\"\" data-start=\"1155\" data-end=\"1183\">9 mois pour les programmes acad\u00e9miques (avec possibilit\u00e9 de renouvellement)<\/p>\n<\/li>\n<li class=\"\" data-start=\"3473\" data-end=\"3565\">3 mois pour les cours avanc\u00e9s de langue et culture italienne<\/li>\n<\/ul>\n<p data-start=\"1311\" data-end=\"1640\"><strong data-start=\"1331\" data-end=\"1361\">Bourse r\u00e9serv\u00e9e \u00e0 la RDC :<\/strong><\/p>\n<p data-start=\"1311\" data-end=\"1640\">Pour l\u2019ann\u00e9e universitaire 2025-2026, une <strong data-start=\"1406\" data-end=\"1437\">bourse sp\u00e9ciale \u201cAttanasio\u201d<\/strong> de 9 mois est r\u00e9serv\u00e9e \u00e0 un(e) candidat(e) de nationalit\u00e9 congolaise souhaitant poursuivre des \u00e9tudes dans les domaines des relations internationales, de la coop\u00e9ration au d\u00e9veloppement, des droits de l\u2019homme ou du droit international humanitaire.<\/p>\n<p class=\"\" style=\"text-align: justify;\" data-start=\"1311\" data-end=\"1640\"><strong data-start=\"1690\" data-end=\"1720\">Modalit\u00e9s de candidature :<\/strong><br data-start=\"1720\" data-end=\"1723\" \/>Les candidatures doivent \u00eatre soumises <strong data-start=\"1762\" data-end=\"1788\">exclusivement en ligne<\/strong>, apr\u00e8s enregistrement sur le portail suivant :<strong><a class=\"\" href=\"https:\/\/studyinitaly.esteri.it\" rel=\"noopener\" data-start=\"1778\" data-end=\"1842\"> https:\/\/studyinitaly.esteri.it<\/a><\/strong><\/p>\n<p class=\"\" style=\"text-align: justify;\" data-start=\"1642\" data-end=\"1842\"><strong data-start=\"1910\" data-end=\"1955\">Documentation et crit\u00e8res d\u2019\u00e9ligibilit\u00e9 :<\/strong><br data-start=\"1955\" data-end=\"1958\" \/>Tous les crit\u00e8res requis et les modalit\u00e9s de participation sont disponibles dans l\u2019appel officiel, publi\u00e9 en italien et en anglais :<\/p>\n<ul style=\"text-align: justify;\" data-start=\"2021\" data-end=\"2148\">\n<li class=\"\" data-start=\"2021\" data-end=\"2077\">\n<p class=\"\" data-start=\"2023\" data-end=\"2077\"><strong><a href=\"https:\/\/ambkinshasa.esteri.it\/wp-content\/uploads\/2025\/05\/All.-1-1-Bando-25-26-ITA.pdf\" target=\"_blank\" rel=\"noopener\" data-start=\"2023\" data-end=\"2077\">T\u00e9l\u00e9charger le Bando en italien (PDF)<\/a><\/strong><\/p>\n<\/li>\n<li class=\"\" data-start=\"2078\" data-end=\"2148\">\n<p class=\"\" data-start=\"2080\" data-end=\"2148\"><strong><a href=\"https:\/\/ambkinshasa.esteri.it\/wp-content\/uploads\/2025\/05\/All.-1-2-Bando-25-26-ENG.pdf\" target=\"_blank\" rel=\"noopener\" data-start=\"2080\" data-end=\"2148\">T\u00e9l\u00e9charger le Bando en anglais (PDF)<\/a><\/strong><\/p>\n<\/li>\n<\/ul>\n<p class=\"\" style=\"text-align: justify;\" data-start=\"2150\" data-end=\"2253\">Pour toute information ou assistance, vous pouvez \u00e9crire \u00e0: <strong data-start=\"2220\" data-end=\"2253\"><a href=\"mailto:kinshasa.segreteria@esteri.it\" rel=\"noopener\" data-start=\"2222\" data-end=\"2251\">kinshasa.segreteria@esteri.it<\/a><\/strong><\/p>\n","protected":false},"excerpt":{"rendered":"L\u2019Ambassade d\u2019Italie \u00e0 Kinshasa informe que l\u2019appel \u00e0 candidatures pour l\u2019attribution des bourses d\u2019\u00e9tudes offertes par le Gouvernement italien \u00e0 des \u00e9tudiants \u00e9trangers r\u00e9sidant \u00e0 l\u2019\u00e9tranger et \u00e0 des citoyens italiens r\u00e9sidant \u00e0 l\u2019\u00e9tranger (IRE) pour l\u2019ann\u00e9e universitaire 2025-2026 est d\u00e9sormais ouvert. Les bourses d\u2019\u00e9tudes repr\u00e9sentent une opportunit\u00e9 de suivre des cours universitaires et des [&hellip;]","protected":false},"author":4,"featured_media":2638,"comment_status":"closed","ping_status":"closed","sticky":false,"template":"","format":"standard","meta":{"footnotes":""},"tags":[],"class_list":["post-2651","post","type-post","status-publish","format-standard","has-post-thumbnail","hentry"],"_links":{"self":[{"href":"https:\/\/ambkinshasa.esteri.it\/fr\/wp-json\/wp\/v2\/posts\/2651","targetHints":{"allow":["GET"]}}],"collection":[{"href":"https:\/\/ambkinshasa.esteri.it\/fr\/wp-json\/wp\/v2\/posts"}],"about":[{"href":"https:\/\/ambkinshasa.esteri.it\/fr\/wp-json\/wp\/v2\/types\/post"}],"author":[{"embeddable":true,"href":"https:\/\/ambkinshasa.esteri.it\/fr\/wp-json\/wp\/v2\/users\/4"}],"replies":[{"embeddable":true,"href":"https:\/\/ambkinshasa.esteri.it\/fr\/wp-json\/wp\/v2\/comments?post=2651"}],"version-history":[{"count":3,"href":"https:\/\/ambkinshasa.esteri.it\/fr\/wp-json\/wp\/v2\/posts\/2651\/revisions"}],"predecessor-version":[{"id":2658,"href":"https:\/\/ambkinshasa.esteri.it\/fr\/wp-json\/wp\/v2\/posts\/2651\/revisions\/2658"}],"wp:featuredmedia":[{"embeddable":true,"href":"https:\/\/ambkinshasa.esteri.it\/fr\/wp-json\/wp\/v2\/media\/2638"}],"wp:attachment":[{"href":"https:\/\/ambkinshasa.esteri.it\/fr\/wp-json\/wp\/v2\/media?parent=2651"}],"wp:term":[{"taxonomy":"post_tag","embeddable":true,"href":"https:\/\/ambkinshasa.esteri.it\/fr\/wp-json\/wp\/v2\/tags?post=2651"}],"curies":[{"name":"wp","href":"https:\/\/api.w.org\/{rel}","templated":true}]}}