{"id":392,"date":"2023-09-29T13:35:51","date_gmt":"2023-09-29T12:35:51","guid":{"rendered":"https:\/\/ambkinshasa.esteri.it\/news\/dall_ambasciata\/2023\/09\/discours-du-president-meloni-a-2\/"},"modified":"2023-09-29T13:35:51","modified_gmt":"2023-09-29T12:35:51","slug":"discours-du-president-meloni-a-2","status":"publish","type":"post","link":"https:\/\/ambkinshasa.esteri.it\/fr\/news\/dall_ambasciata\/2023\/09\/discours-du-president-meloni-a-2\/","title":{"rendered":"Discours du pr\u00e9sident Meloni \u00e0 l&#8217;ONU, soulignant l&#8217;engagement strat\u00e9gique de l&#8217;Italie en faveur d&#8217;un partenariat avec les pays africains"},"content":{"rendered":"<p>L&#8217;impulsion strat\u00e9gique de l&#8217;Italie vers un partenariat avec les pays africains a caract\u00e9ris\u00e9 la participation du Pr\u00e9sident du conseil des ministres, Giorgia Meloni, \u00e0 l&#8217;Assembl\u00e9e g\u00e9n\u00e9rale des Nations Unies.<\/p>\n<p>Au cours de son discours \u00e0 l&#8217;Assembl\u00e9e g\u00e9n\u00e9rale, le Pr\u00e9sident Meloni a attir\u00e9 l&#8217;attention en particulier sur l&#8217;Afrique, indiquant qu&#8217;elle sera au centre de la pr\u00e9sidence italienne du G7 en 2024 dans le but de stabiliser les relations de collaboration, d\u2019\u00e9tablir des partenariats sur un plan d&#8217;\u00e9galit\u00e9 et de favoriser la croissance du continent.<br \/>Tous les interlocuteurs \u00e0 New York ont exprim\u00e9 leur appr\u00e9ciation pour le dynamisme du gouvernement italien et son influence en Afrique qui contribue au d\u00e9veloppement de son \u00e9conomie.<br \/>Le Pr\u00e9sident Meloni en a parl\u00e9 avec le secr\u00e9taire g\u00e9n\u00e9ral de l&#8217;ONU, Ant\u00f3nio Guterres, qui a salu\u00e9 l&#8217;engagement italien dans ce domaine, \u00e9galement en relation avec la question de la r\u00e9forme des institutions financi\u00e8res internationales.<br \/>Avec le Premier ministre canadien, Justin Trudeau, le Pr\u00e9sident a convenu d\u2019\u00e9tablir une forte coordination entre la pr\u00e9sidence italienne du G7 celle du Canada en 2025, notamment avec r\u00e9f\u00e9rence \u00e0 l&#8217;influence de l&#8217;Afrique et l&#8217;urgence de r\u00e8glementer l&#8217;intelligence artificielle. Conversation longue et d\u00e9taill\u00e9e avec le Pr\u00e9sident de la R\u00e9publique de Turquie, Recep Tayyip Erdogan, avec qui le Premier ministre a \u00e9galement discut\u00e9 de la question du renforcement de la collaboration trilat\u00e9rale avec les nations africaines dans le domaine de la s\u00e9curit\u00e9 alimentaire et de l&#8217;importance de la question des migrations en M\u00e9diterran\u00e9e et de la lutte contre les trafiquants d\u2019\u00eatres humains.<br \/>Les nombreux rencontres avec certains leaders africains ont \u00e9t\u00e9 l\u2019occasion pour confirmer l\u2019engagement et la priorit\u00e9 de la politique \u00e9trang\u00e8re du gouvernement italien.<br \/>Au centre des discussions la conf\u00e9rence Italie-Afrique du 5 et 6 novembre \u00e0 Rome et la pr\u00e9sidence italienne du G7 en 2024. Pendant les rencontres le Pr\u00e9sid\u00e9 a abord\u00e9 la question du d\u00e9veloppement \u00e9conomique des nations africains par la planification et la mise en \u0153uvre d\u2019initiatives strat\u00e9giques communes bas\u00e9e sur l\u2019\u00e9nergie et les infrastructures. Sur cette base, une prise en compte \u00e9quitable des conditions d\u2019acc\u00e8s \u00e0 l\u2019aide financi\u00e8re et au cr\u00e9dit international est essentielle pour att\u00e9nuer la crise humanitaire, assurer la fiabilit\u00e9 et la transformation durable du syst\u00e8me agroalimentaire, augmenter la production nationale et r\u00e9duire la d\u00e9pendance aux importations.<br \/>Un changement d&#8217;approche, dans lequel l&#8217;Italie entend faire progresser le commerce ext\u00e9rieur africain et s&#8217;engage dans une voie qui guide l&#8217;Union europ\u00e9enne, et dans tous les forums internationaux, pour aborder de mani\u00e8re strat\u00e9gique la question de la migration et la lutte au trafic d\u2019\u00eatres humains. Ces sont les piliers du Plan Mattei, un programme qui sera port\u00e9 \u00e0 la connaissance des dirigeants africains lors de la Conf\u00e9rence de Rome en novembre et sera ensuite d\u00e9velopp\u00e9 gr\u00e2ce \u00e0 la contribution des pays d\u2019Afrique.<\/p>\n","protected":false},"excerpt":{"rendered":"L&#8217;impulsion strat\u00e9gique de l&#8217;Italie vers un partenariat avec les pays africains a caract\u00e9ris\u00e9 la participation du Pr\u00e9sident du conseil des ministres, Giorgia Meloni, \u00e0 l&#8217;Assembl\u00e9e g\u00e9n\u00e9rale des Nations Unies. Au cours de son discours \u00e0 l&#8217;Assembl\u00e9e g\u00e9n\u00e9rale, le Pr\u00e9sident Meloni a attir\u00e9 l&#8217;attention en particulier sur l&#8217;Afrique, indiquant qu&#8217;elle sera au centre de la pr\u00e9sidence [&hellip;]","protected":false},"author":1,"featured_media":0,"comment_status":"","ping_status":"","sticky":false,"template":"","format":"standard","meta":{"footnotes":""},"tags":[],"class_list":["post-392","post","type-post","status-publish","format-standard","hentry"],"_links":{"self":[{"href":"https:\/\/ambkinshasa.esteri.it\/fr\/wp-json\/wp\/v2\/posts\/392","targetHints":{"allow":["GET"]}}],"collection":[{"href":"https:\/\/ambkinshasa.esteri.it\/fr\/wp-json\/wp\/v2\/posts"}],"about":[{"href":"https:\/\/ambkinshasa.esteri.it\/fr\/wp-json\/wp\/v2\/types\/post"}],"author":[{"embeddable":true,"href":"https:\/\/ambkinshasa.esteri.it\/fr\/wp-json\/wp\/v2\/users\/1"}],"replies":[{"embeddable":true,"href":"https:\/\/ambkinshasa.esteri.it\/fr\/wp-json\/wp\/v2\/comments?post=392"}],"version-history":[{"count":0,"href":"https:\/\/ambkinshasa.esteri.it\/fr\/wp-json\/wp\/v2\/posts\/392\/revisions"}],"wp:attachment":[{"href":"https:\/\/ambkinshasa.esteri.it\/fr\/wp-json\/wp\/v2\/media?parent=392"}],"wp:term":[{"taxonomy":"post_tag","embeddable":true,"href":"https:\/\/ambkinshasa.esteri.it\/fr\/wp-json\/wp\/v2\/tags?post=392"}],"curies":[{"name":"wp","href":"https:\/\/api.w.org\/{rel}","templated":true}]}}