{"id":409,"date":"2023-06-04T18:18:32","date_gmt":"2023-06-04T17:18:32","guid":{"rendered":"https:\/\/ambkinshasa.esteri.it\/news\/dall_ambasciata\/2023\/06\/intervento-del-presidente-della-2\/"},"modified":"2023-06-04T18:18:32","modified_gmt":"2023-06-04T17:18:32","slug":"intervento-del-presidente-della-2","status":"publish","type":"post","link":"https:\/\/ambkinshasa.esteri.it\/fr\/news\/dall_ambasciata\/2023\/06\/intervento-del-presidente-della-2\/","title":{"rendered":"DISCOURS DU PR\u00c9SIDENT DE LA R\u00c9PUBLIQUE SERGIO MATTARELLA AU CONCERT \u00c0 L&#8217;OCCASION DE LA 77E JOURN\u00c9E DE LA R\u00c9PUBLIQUE ITALIENNE"},"content":{"rendered":"<p>Palazzo del Quirinale, 01\/06\/2023 (II mandat)<\/p>\n<p>Je remercie le chef d&#8217;orchestre de l&#8217;Orchestre Speranza Scappucci et l&#8217;Orchestre symphonique national de la RAI pour le concert qu&#8217;ils s&#8217;appr\u00eatent \u00e0 nous donner.<\/p>\n<p>Une splendide occasion artistique que nous partagerons \u00e9galement avec ceux qui nous suivent \u00e0 travers la t\u00e9l\u00e9vision et d&#8217;autres moyens de communication : salutations cordiales \u00e0 tous.<\/p>\n<p>Avec les repr\u00e9sentants des institutions de la R\u00e9publique r\u00e9unis ici, je souhaite la bienvenue aux Ambassadeurs accr\u00e9dit\u00e9s au Quirinal.<\/p>\n<p>Votre pr\u00e9sence est un t\u00e9moignage suppl\u00e9mentaire des solides liens d&#8217;amiti\u00e9 qui unissent nos pays.<\/p>\n<p>Le 2 juin est la f\u00eate italienne, le moment de c\u00e9l\u00e9brer la naissance de la R\u00e9publique, dont les principes sont inscrits dans la Charte constitutionnelle dont nous c\u00e9l\u00e9brons, cette ann\u00e9e, le 75e anniversaire de l&#8217;entr\u00e9e en vigueur.<\/p>\n<p>Ces derniers jours, j&#8217;ai re\u00e7u de nombreuses expressions de sympathie pour les inondations tragiques qui ont frapp\u00e9 l&#8217;\u00c9milie-Romagne et les r\u00e9gions voisines.<\/p>\n<p>J&#8217;en suis profond\u00e9ment touch\u00e9.<\/p>\n<p>De nombreux pays ont manifest\u00e9 une solidarit\u00e9 concr\u00e8te, et je tiens \u00e0 les remercier au nom de notre communaut\u00e9 nationale.<\/p>\n<p>Sans surprise, j&#8217;ai utilis\u00e9 le mot solidarit\u00e9 : une valeur \u00e9galement inscrite dans les premiers articles de notre Constitution qui, en reconnaissant et garantissant les droits inviolables de la personne, rappelle le devoir de solidarit\u00e9 politique, \u00e9conomique et sociale.<\/p>\n<p>Une valeur \u00e0 caract\u00e8re universel, qui s&#8217;adresse \u00e0 l&#8217;ensemble de la communaut\u00e9 humaine, et que notre charte fondatrice a fait sienne.<\/p>\n<p>La Constitution r\u00e9publicaine, fille de la r\u00e9demption des exp\u00e9riences tragiques de la dictature et de la Seconde Guerre mondiale, indique la r\u00e9pudiation de la guerre comme instrument de r\u00e8glement des diff\u00e9rends.<\/p>\n<p>Il s&#8217;agit d&#8217;un principe tr\u00e8s actuel et profond\u00e9ment ressenti, dont l&#8217;agression inacceptable de la F\u00e9d\u00e9ration de Russie contre l&#8217;Ukraine repr\u00e9sente la n\u00e9gation la plus brutale et la plus \u00e9vidente.<\/p>\n<p>Le conflit qui fait depuis plus de quinze mois morts et d\u00e9vastations au c\u0153ur de l&#8217;Europe a \u00e9galement des cons\u00e9quences tr\u00e8s graves au niveau mondial, accentuant l&#8217;ins\u00e9curit\u00e9 alimentaire et la pauvret\u00e9 dans de nombreux pays, eux aussi victimes des cons\u00e9quences de cette guerre insens\u00e9e, dont les effets se r\u00e9percutent sur l&#8217;ordre international patiemment construit apr\u00e8s 1945.<\/p>\n<p>Aujourd&#8217;hui, nous assistons avec attention et int\u00e9r\u00eat aux tentatives d&#8217;identifier des voies de dialogue pour parvenir \u00e0 la paix.<\/p>\n<p>Les principes de solidarit\u00e9 et de justice qui doivent unir les peuples exigent la recherche d&#8217;une paix juste et non d&#8217;une paix acquise contre ceux qui ont \u00e9t\u00e9 agress\u00e9s.<\/p>\n<p>C&#8217;est dans cet esprit que l&#8217;Italie, dans le cadre de son adh\u00e9sion convaincue \u00e0 l&#8217;Union europ\u00e9enne et \u00e0 l&#8217;Alliance atlantique, continuera d&#8217;assurer le soutien au peuple ukrainien et son droit \u00e0 l&#8217;ind\u00e9pendance.<\/p>\n<p>La recherche de la paix et du bien-\u00eatre entre les nations exige un engagement et une volont\u00e9 d&#8217;identifier ensemble des solutions communes.<\/p>\n<p>C&#8217;est la base de notre choix en faveur du multilat\u00e9ralisme.<\/p>\n<p>Seule une authentique collaboration entre les peuples peut permettre de faire face avec succ\u00e8s \u00e0 des probl\u00e8mes mondiaux qui se font chaque jour plus pressants : du changement climatique \u00e0 la protection de la sant\u00e9, de la gestion des flux migratoires \u00e0 la protection des droits de l&#8217;homme.<\/p>\n<p>Ceci est confirm\u00e9 par des exp\u00e9riences telles que le processus d&#8217;int\u00e9gration europ\u00e9enne, qui pendant pr\u00e8s de soixante-dix ans a garanti la libert\u00e9 et les opportunit\u00e9s de croissance aux \u00c9tats membres.<\/p>\n<p>Le conflit en Ukraine, les tensions croissantes dont nous avons \u00e9t\u00e9 t\u00e9moins r\u00e9cemment dans les Balkans, exigent des choix courageux, capables de consolider et de r\u00e9aliser l&#8217;\u00e9largissement du projet communautaire, pour le rendre apte \u00e0 affronter les d\u00e9fis du temps pr\u00e9sent.<\/p>\n<p>L&#8217;Italie continuera \u00e0 travailler pour que l&#8217;Union europ\u00e9enne soit de plus en plus un acteur capable de projeter la paix, la stabilit\u00e9 et le d\u00e9veloppement au niveau mondial.<\/p>\n<p>Avec ces intentions, je souhaite \u00e0 tous une bonne f\u00eate de la R\u00e9publique italienne.<\/p>\n","protected":false},"excerpt":{"rendered":"Palazzo del Quirinale, 01\/06\/2023 (II mandat) Je remercie le chef d&#8217;orchestre de l&#8217;Orchestre Speranza Scappucci et l&#8217;Orchestre symphonique national de la RAI pour le concert qu&#8217;ils s&#8217;appr\u00eatent \u00e0 nous donner. Une splendide occasion artistique que nous partagerons \u00e9galement avec ceux qui nous suivent \u00e0 travers la t\u00e9l\u00e9vision et d&#8217;autres moyens de communication : salutations cordiales [&hellip;]","protected":false},"author":1,"featured_media":0,"comment_status":"","ping_status":"","sticky":false,"template":"","format":"standard","meta":{"footnotes":""},"tags":[],"class_list":["post-409","post","type-post","status-publish","format-standard","hentry"],"_links":{"self":[{"href":"https:\/\/ambkinshasa.esteri.it\/fr\/wp-json\/wp\/v2\/posts\/409","targetHints":{"allow":["GET"]}}],"collection":[{"href":"https:\/\/ambkinshasa.esteri.it\/fr\/wp-json\/wp\/v2\/posts"}],"about":[{"href":"https:\/\/ambkinshasa.esteri.it\/fr\/wp-json\/wp\/v2\/types\/post"}],"author":[{"embeddable":true,"href":"https:\/\/ambkinshasa.esteri.it\/fr\/wp-json\/wp\/v2\/users\/1"}],"replies":[{"embeddable":true,"href":"https:\/\/ambkinshasa.esteri.it\/fr\/wp-json\/wp\/v2\/comments?post=409"}],"version-history":[{"count":0,"href":"https:\/\/ambkinshasa.esteri.it\/fr\/wp-json\/wp\/v2\/posts\/409\/revisions"}],"wp:attachment":[{"href":"https:\/\/ambkinshasa.esteri.it\/fr\/wp-json\/wp\/v2\/media?parent=409"}],"wp:term":[{"taxonomy":"post_tag","embeddable":true,"href":"https:\/\/ambkinshasa.esteri.it\/fr\/wp-json\/wp\/v2\/tags?post=409"}],"curies":[{"name":"wp","href":"https:\/\/api.w.org\/{rel}","templated":true}]}}