{"id":414,"date":"2023-05-25T17:37:31","date_gmt":"2023-05-25T16:37:31","guid":{"rendered":"https:\/\/ambkinshasa.esteri.it\/news\/dall_ambasciata\/2023\/05\/messaggio-del-ministro-antonio-2\/"},"modified":"2023-05-25T17:37:31","modified_gmt":"2023-05-25T16:37:31","slug":"messaggio-del-ministro-antonio-2","status":"publish","type":"post","link":"https:\/\/ambkinshasa.esteri.it\/fr\/news\/dall_ambasciata\/2023\/05\/messaggio-del-ministro-antonio-2\/","title":{"rendered":"MESSAGE DU MINISTRE TAJANI POUR LA JOURNEE DE L\u2019AFRIQUE"},"content":{"rendered":"<p>Nous c\u00e9l\u00e9brons aujourd&#8217;hui la Journ\u00e9e de l&#8217;Afrique et le 60e anniversaire de l&#8217;Organisation de l&#8217;Unit\u00e9 Africaine, fond\u00e9e le 25 mai 1963 et devenue l&#8217;Union Africaine en 2002.<\/p>\n<p>L&#8217;Afrique, un continent proche de nous, trop souvent oubli\u00e9, sur lequel le gouvernement italien veut attirer l&#8217;attention de toute la communaut\u00e9 internationale.<\/p>\n<p>Pour ce faire, notre interlocuteur privil\u00e9gi\u00e9 est l&#8217;Union Africaine, qui a beaucoup \u0153uvr\u00e9 pour promouvoir la paix et la stabilit\u00e9 du continent et pour stimuler la croissance \u00e9conomique, notamment \u00e0 travers l&#8217;ambitieux projet de cr\u00e9ation d&#8217;une zone de libre-\u00e9change qui reliera 1,3 milliard de personnes.<\/p>\n<p>L&#8217;Italie souhaite d\u00e9velopper un partenariat d&#8217;\u00e9gal \u00e0 \u00e9gal avec les Pays africains, sur la base d&#8217;objectifs de croissance partag\u00e9s et d&#8217;avantages mutuels.<\/p>\n<p>C&#8217;est dans ce contexte que s&#8217;inscrit ce que nous appelons le &#8220;Plan Mattei&#8221;, une contribution italienne \u00e0 un projet plus large d&#8217;investissements europ\u00e9ens, le &#8220;Plan Marshall&#8221;.<\/p>\n<p>Le Plan Mattei vise \u00e0 soutenir des secteurs strat\u00e9giques pour l&#8217;Italie, tels que l&#8217;agro-industrie, la transition \u00e9nerg\u00e9tique, la cr\u00e9ation d&#8217;emplois, la protection du patrimoine culturel et identitaire, tout en soulignant l&#8217;importance du respect des droits de l&#8217;homme et des libert\u00e9s fondamentales.<\/p>\n<p>L&#8217;Italie est un pont naturel entre l&#8217;Europe et l&#8217;Afrique.<\/p>\n<p>C&#8217;est pour cela que nous voulons devenir une plaque tournante de l&#8217;\u00e9nergie en M\u00e9diterran\u00e9e, en reliant l&#8217;offre \u00e9nerg\u00e9tique africaine \u00e0 la demande europ\u00e9enne.<\/p>\n<p>En octobre, conform\u00e9ment \u00e0 cette vision, nous accueillerons la conf\u00e9rence Italie-Afrique, afin de promouvoir des initiatives \u00e0 tous les niveaux : politique, \u00e9conomique, culturel.<\/p>\n<p>L&#8217;Italie est consciente que l&#8217;avenir de l&#8217;Afrique repose sur les jeunes g\u00e9n\u00e9rations.<\/p>\n<p>C&#8217;est pour cela que nous consid\u00e9rons qu&#8217;il est crucial de partager les connaissances et exp\u00e9riences de notre syst\u00e8me \u00e9ducatif et acad\u00e9mique, afin de former les jeunes g\u00e9n\u00e9rations qui dirigeront le continent.<\/p>\n<p>Nous sommes \u00e9galement tr\u00e8s pr\u00e9occup\u00e9s par les situations de crise, en particulier leurs r\u00e9percussions humanitaires : le conflit arm\u00e9 au Soudan, la crise \u00e9conomique en Tunisie, l&#8217;instabilit\u00e9 en Libye et la vague de migrants irr\u00e9guliers qui continue d&#8217;affluer sur les c\u00f4tes italiennes.<\/p>\n<p>Je suis personnellement ces dossiers et maintiens un contact direct avec nos partenaires internationaux pour faciliter la recherche de solutions communes et opportunes.<\/p>\n<p>Comme l&#8217;a d\u00e9montr\u00e9 la Conf\u00e9rence sur la Corne de l&#8217;Afrique que nous avons co-organis\u00e9e avec les Nations unies, les \u00c9tats-Unis, le Royaume-Uni et le Qatar, l&#8217;Italie est \u00e0 l&#8217;avant-garde pour maintenir l&#8217;attention internationale sur le continent africain.<\/p>\n<p>Nous continuerons \u00e0 le faire pendant notre pr\u00e9sidence du G7, l&#8217;ann\u00e9e prochaine.<\/p>\n<p>Je tiens donc \u00e0 remercier les serviteurs de l&#8217;\u00c9tat italien, les diplomates, les militaires, les m\u00e9decins, les missionnaires, les universitaires, les chefs d&#8217;entreprise, les entrepreneurs et les b\u00e9n\u00e9voles &#8211; qui, chaque jour, travaillent c\u00f4te \u00e0 c\u00f4te \u00e0 nos amis africains pour d\u00e9velopper potentiel extraordinaire du continent et pour cr\u00e9er un avenir de prosp\u00e9rit\u00e9.<\/p>\n<p>Nous voulons rapprocher l&#8217;Afrique de l&#8217;Italie et contribuer \u00e0 cr\u00e9er un d\u00e9veloppement et une croissance partag\u00e9s.<\/p>\n<p>Comptez sur moi, comptez sur le Minist\u00e8re des Affaires Etrang\u00e8res et le Gouvernement italien pour atteindre cet ambitieux objectif commun.<\/p>\n","protected":false},"excerpt":{"rendered":"Nous c\u00e9l\u00e9brons aujourd&#8217;hui la Journ\u00e9e de l&#8217;Afrique et le 60e anniversaire de l&#8217;Organisation de l&#8217;Unit\u00e9 Africaine, fond\u00e9e le 25 mai 1963 et devenue l&#8217;Union Africaine en 2002. L&#8217;Afrique, un continent proche de nous, trop souvent oubli\u00e9, sur lequel le gouvernement italien veut attirer l&#8217;attention de toute la communaut\u00e9 internationale. Pour ce faire, notre interlocuteur privil\u00e9gi\u00e9 [&hellip;]","protected":false},"author":1,"featured_media":0,"comment_status":"","ping_status":"","sticky":false,"template":"","format":"standard","meta":{"footnotes":""},"tags":[],"class_list":["post-414","post","type-post","status-publish","format-standard","hentry"],"_links":{"self":[{"href":"https:\/\/ambkinshasa.esteri.it\/fr\/wp-json\/wp\/v2\/posts\/414","targetHints":{"allow":["GET"]}}],"collection":[{"href":"https:\/\/ambkinshasa.esteri.it\/fr\/wp-json\/wp\/v2\/posts"}],"about":[{"href":"https:\/\/ambkinshasa.esteri.it\/fr\/wp-json\/wp\/v2\/types\/post"}],"author":[{"embeddable":true,"href":"https:\/\/ambkinshasa.esteri.it\/fr\/wp-json\/wp\/v2\/users\/1"}],"replies":[{"embeddable":true,"href":"https:\/\/ambkinshasa.esteri.it\/fr\/wp-json\/wp\/v2\/comments?post=414"}],"version-history":[{"count":0,"href":"https:\/\/ambkinshasa.esteri.it\/fr\/wp-json\/wp\/v2\/posts\/414\/revisions"}],"wp:attachment":[{"href":"https:\/\/ambkinshasa.esteri.it\/fr\/wp-json\/wp\/v2\/media?parent=414"}],"wp:term":[{"taxonomy":"post_tag","embeddable":true,"href":"https:\/\/ambkinshasa.esteri.it\/fr\/wp-json\/wp\/v2\/tags?post=414"}],"curies":[{"name":"wp","href":"https:\/\/api.w.org\/{rel}","templated":true}]}}