{"id":420,"date":"2023-11-17T14:55:01","date_gmt":"2023-11-17T13:55:01","guid":{"rendered":"https:\/\/ambkinshasa.esteri.it\/news\/dall_ambasciata\/2023\/05\/festival-dello-sviluppo-sostenibile_0-2\/"},"modified":"2023-11-20T17:43:15","modified_gmt":"2023-11-20T16:43:15","slug":"festival-dello-sviluppo-sostenibile_0-2","status":"publish","type":"post","link":"https:\/\/ambkinshasa.esteri.it\/fr\/news\/dall_ambasciata\/2023\/11\/festival-dello-sviluppo-sostenibile_0-2\/","title":{"rendered":"FESTIVAL DU D\u00c9VELOPPEMENT DURABLE 2023"},"content":{"rendered":"<p style=\"text-align: justify;\">A l&#8217;occasion de l&#8217;\u00e9dition 2023 du Festival du D\u00e9veloppement Durable et dans le cadre de la candidature de Rome \u00e0 l&#8217;Exposition Universelle 2030, cette Ambassade organise une conf\u00e9rence sur le th\u00e8me du D\u00e9veloppement Durable des for\u00eats tropicales qui se tiendra le 24 mai 2023 au Silikin Village , selon le programme suivant :<\/p>\n<p style=\"text-align: justify;\"><strong>1\u00e8re partie 9h00 \u2013 12h00 : D\u00e9veloppement des For\u00eats<\/strong><\/p>\n<p>9h00 : Mot de bienvenue de l\u2019Ambassadeur d\u2019Italie S.E.M. Alberto Petrangeli<\/p>\n<p>9h10 : Mot d\u2019ouverture des Ministres de l\u2019Environnement et D\u00e9veloppement durable S.E. Mme Eve Bazahiba ou Agriculture S.E.M. Jos\u00e9 Mpanda (en attente de confirmation)<\/p>\n<p>9h20 : Mot d\u2019introduction de la FAO et pr\u00e9sentation de son rapport sur la Situation des for\u00eats du monde<\/p>\n<p>9h40 : Pr\u00e9sentation du Projet For\u00eats de l\u2019Union Europ\u00e9enne<\/p>\n<p>10h00 : Pr\u00e9sentation par le Dr. Giorgio Matteucci, PhD Directeur de l\u2019Institut pour la Bio Economie du Conseil National pour la Recherche italien CNR-IBE, sur les actions et activit\u00e9s du CNR-IBE en mati\u00e8re de protection des for\u00eats<\/p>\n<p>10h15 : Pr\u00e9sentation par Mme Silvia Ferrari et M. Ottaviano Allegretti sur les activit\u00e9s sp\u00e9cifiques men\u00e9es par le CNR en collaboration avec le CIFOR en RDCongo dans le cadre du Projet For\u00eats.<\/p>\n<p>10h30 : Expos\u00e9 de Mme Silvia Ferrari du Center for International Forestry Research (CIFOR) \u2013 World Agroforestry (ICRAF) sur L\u00e9galit\u00e9 et cha\u00eene d&#8217;approvisionnement en bois artisanal en RDC<\/p>\n<p>10h45 : Expos\u00e9 de Mme Elena Massarenti et M. Lucio Brotto de ETIFOR s.r.l B sur les Services \u00e9cosyst\u00e9miques forestiers et secteur priv\u00e9 : quel march\u00e9 ?<\/p>\n<p>11h00 : Expos\u00e9 du Professeur d\u2019\u00e9conomie et politique foresti\u00e8re au d\u00e9partement Territoire et Syst\u00e8me Agro-Forestiers (TESAF) de l\u2019Universit\u00e9 de Padoue, Davide Pettenella sur les projets de coop\u00e9ration de l\u2019Universit\u00e9 de Padoue pour la recherche, la formation et le d\u00e9veloppement durable du secteur forestier en RDC<\/p>\n<p>11h15 \u2013 12h00 : d\u00e9bats et interventions programm\u00e9es<\/p>\n<p>12h00 : Mot de cl\u00f4ture des Ministres de l\u2019Environnement et D\u00e9veloppement durable S.E. Mme Eve Bazahiba ou Agriculture S.E.M. Jos\u00e9 Mpanda (en attente de confirmation)<\/p>\n<p>PAUSE DEJEUNER<\/p>\n<p><strong>2\u00e9me partie 14h00 \u2013 16h00 D\u00e9veloppement Energ\u00e9tique<\/strong><\/p>\n<p>14 h00 : Mot de bienvenue de l\u2019Ambassadeur d\u2019Italie S.E.M. Alberto Petrangeli<\/p>\n<p>14 h10 : Mot d\u2019ouverture de Monsieur Idesbald Chinamula Directeur General de l\u2019Agence Nationale de l\u2019Electrification et des Services Energ\u00e9tiques en milieux Rural et p\u00e9riurbain ANSER (en attente de confirmation)<\/p>\n<p>14h20 : Pr\u00e9sentation par M. Andea Renzulli des activit\u00e9s de Res4Africa Foundation et de leur rapport d\u2019analyse de la politique et du cadre r\u00e9glementaire du march\u00e9 de l&#8217;\u00e9lectricit\u00e9 en RDC et intervention du Docteur Jean Baptiste Decoppet<\/p>\n<p>15h00- 15h45 : d\u00e9bats et interventions programm\u00e9es<\/p>\n<p>15h45 : Mot de cl\u00f4ture de S.E.M Olivier Mwenze Mukaleng, Ministre des Ressources Hydrauliques (en attente de confirmation)<\/p>\n<p>16h00 : Mot de remerciement de l\u2019Ambassadeur d\u2019Italie S.E.M. Alberto Petrangeli<\/p>\n","protected":false},"excerpt":{"rendered":"A l&#8217;occasion de l&#8217;\u00e9dition 2023 du Festival du D\u00e9veloppement Durable et dans le cadre de la candidature de Rome \u00e0 l&#8217;Exposition Universelle 2030, cette Ambassade organise une conf\u00e9rence sur le th\u00e8me du D\u00e9veloppement Durable des for\u00eats tropicales qui se tiendra le 24 mai 2023 au Silikin Village , selon le programme suivant : 1\u00e8re partie [&hellip;]","protected":false},"author":1,"featured_media":0,"comment_status":"closed","ping_status":"closed","sticky":false,"template":"","format":"standard","meta":{"footnotes":""},"tags":[],"class_list":["post-420","post","type-post","status-publish","format-standard","hentry"],"_links":{"self":[{"href":"https:\/\/ambkinshasa.esteri.it\/fr\/wp-json\/wp\/v2\/posts\/420","targetHints":{"allow":["GET"]}}],"collection":[{"href":"https:\/\/ambkinshasa.esteri.it\/fr\/wp-json\/wp\/v2\/posts"}],"about":[{"href":"https:\/\/ambkinshasa.esteri.it\/fr\/wp-json\/wp\/v2\/types\/post"}],"author":[{"embeddable":true,"href":"https:\/\/ambkinshasa.esteri.it\/fr\/wp-json\/wp\/v2\/users\/1"}],"replies":[{"embeddable":true,"href":"https:\/\/ambkinshasa.esteri.it\/fr\/wp-json\/wp\/v2\/comments?post=420"}],"version-history":[{"count":1,"href":"https:\/\/ambkinshasa.esteri.it\/fr\/wp-json\/wp\/v2\/posts\/420\/revisions"}],"predecessor-version":[{"id":1435,"href":"https:\/\/ambkinshasa.esteri.it\/fr\/wp-json\/wp\/v2\/posts\/420\/revisions\/1435"}],"wp:attachment":[{"href":"https:\/\/ambkinshasa.esteri.it\/fr\/wp-json\/wp\/v2\/media?parent=420"}],"wp:term":[{"taxonomy":"post_tag","embeddable":true,"href":"https:\/\/ambkinshasa.esteri.it\/fr\/wp-json\/wp\/v2\/tags?post=420"}],"curies":[{"name":"wp","href":"https:\/\/api.w.org\/{rel}","templated":true}]}}