{"id":458,"date":"2022-12-19T23:31:50","date_gmt":"2022-12-19T22:31:50","guid":{"rendered":"https:\/\/ambkinshasa.esteri.it\/news\/dall_ambasciata\/2022\/12\/avviso-al-pubblico-offerta-contrattuale_1-2\/"},"modified":"2022-12-19T23:31:50","modified_gmt":"2022-12-19T22:31:50","slug":"avviso-al-pubblico-offerta-contrattuale_1-2","status":"publish","type":"post","link":"https:\/\/ambkinshasa.esteri.it\/fr\/news\/dall_ambasciata\/2022\/12\/avviso-al-pubblico-offerta-contrattuale_1-2\/","title":{"rendered":"AVIS AU PUBLIC: Offre de contrat pour entretien des jardins, d\u00e9sinsectisation et d\u00e9ratisation"},"content":{"rendered":"<p>Cette Ambassade informe que le contrat pour l\u2019ann\u00e9e 2023 relatif \u00e0 l\u2019entretien des jardins, d\u00e9sinsectisation et d\u00e9ratisation a \u00e9t\u00e9 adjug\u00e9 \u00e0 la Soci\u00e9t\u00e9 BAM&#8217;S CLEAN.<\/p>\n<p><a href=\"resource\/doc\/2022\/12\/bamsjardins_2023.pdf\"><strong>Attribution<\/strong><\/a><\/p>\n","protected":false},"excerpt":{"rendered":"Cette Ambassade informe que le contrat pour l\u2019ann\u00e9e 2023 relatif \u00e0 l\u2019entretien des jardins, d\u00e9sinsectisation et d\u00e9ratisation a \u00e9t\u00e9 adjug\u00e9 \u00e0 la Soci\u00e9t\u00e9 BAM&#8217;S CLEAN. Attribution","protected":false},"author":1,"featured_media":0,"comment_status":"","ping_status":"","sticky":false,"template":"","format":"standard","meta":{"footnotes":""},"tags":[],"class_list":["post-458","post","type-post","status-publish","format-standard","hentry"],"_links":{"self":[{"href":"https:\/\/ambkinshasa.esteri.it\/fr\/wp-json\/wp\/v2\/posts\/458","targetHints":{"allow":["GET"]}}],"collection":[{"href":"https:\/\/ambkinshasa.esteri.it\/fr\/wp-json\/wp\/v2\/posts"}],"about":[{"href":"https:\/\/ambkinshasa.esteri.it\/fr\/wp-json\/wp\/v2\/types\/post"}],"author":[{"embeddable":true,"href":"https:\/\/ambkinshasa.esteri.it\/fr\/wp-json\/wp\/v2\/users\/1"}],"replies":[{"embeddable":true,"href":"https:\/\/ambkinshasa.esteri.it\/fr\/wp-json\/wp\/v2\/comments?post=458"}],"version-history":[{"count":0,"href":"https:\/\/ambkinshasa.esteri.it\/fr\/wp-json\/wp\/v2\/posts\/458\/revisions"}],"wp:attachment":[{"href":"https:\/\/ambkinshasa.esteri.it\/fr\/wp-json\/wp\/v2\/media?parent=458"}],"wp:term":[{"taxonomy":"post_tag","embeddable":true,"href":"https:\/\/ambkinshasa.esteri.it\/fr\/wp-json\/wp\/v2\/tags?post=458"}],"curies":[{"name":"wp","href":"https:\/\/api.w.org\/{rel}","templated":true}]}}