{"id":766,"date":"2021-07-15T13:53:47","date_gmt":"2021-07-15T12:53:47","guid":{"rendered":"https:\/\/ambkinshasa.esteri.it\/news\/dall_ambasciata\/2021\/07\/estate-all-italiana-festival-2021-2\/"},"modified":"2021-07-15T13:53:47","modified_gmt":"2021-07-15T12:53:47","slug":"estate-all-italiana-festival-2021-2","status":"publish","type":"post","link":"https:\/\/ambkinshasa.esteri.it\/fr\/news\/dall_ambasciata\/2021\/07\/estate-all-italiana-festival-2021-2\/","title":{"rendered":"Estate all\u2019Italiana Festival 2021"},"content":{"rendered":"<p>Pour la deuxi\u00e8me ann\u00e9e cons\u00e9cutive, &#8220;L&#8217;\u00e9t\u00e9 au festival italien&#8221; est de retour, une initiative promue par le minist\u00e8re des Affaires \u00e9trang\u00e8res et de la Coop\u00e9ration internationale, en collaboration avec l&#8217;Association <strong><a href=\"https:\/\/www.italiafestival.tv\/?lang=it\">ItaliaFestival<\/a><\/strong>, l&#8217;association multidisciplinaire form\u00e9e par certains des festivals italiens les plus prestigieux.<\/p>\n<p>Jusqu&#8217;au 21 septembre 2021, une visite virtuelle des principaux festivals italiens d\u00e9marre : un riche programme de spectacles de danse, de th\u00e9\u00e2tre et de musique disponible gratuitement en streaming live et \u00e0 la demande sur la cha\u00eene italienne <strong><a href=\"https:\/\/vimeo.com\/italianaesteri\">Vimeo<\/a><\/strong>.<\/p>\n<p>\u00a0<\/p>\n<p>Programme:<\/p>\n<p>\u00a0<\/p>\n<p><strong>Estate all\u2019Italiana Festival avec Areasud<\/strong><\/p>\n<p>16 juillet 2021:\u00a0La Sicily Folk Orchestra nait d&#8217;une attentive activit\u00e9 de recherche de l&#8217;Association Il Tamburo di Aci en collaboration avec l&#8217;Association Culturelle Darshan, avec l&#8217;intention de construire un orchestre populaire permanent reli\u00e9 \u00e0 la Sicily Folk Fest, un des \u00e9v\u00e8nements de plus grand prestige du panorama musicale sicilien.<br \/>L\u2019objectif principale est de red\u00e9couvrir, reproposer et promouvoir les traditions musicales siciliennes en les pla\u00e7ant dans un contexte compl\u00e8tement actuel et moderne, en r\u00e9g\u00e9n\u00e9rant et valorisant le r\u00e9pertoire de la musique populaire de l&#8217;ile en le portant dans les places, les th\u00e9\u00e2tres de l&#8217;Italie et dans les festivals de word music du monde entier.<br \/>L&#8217;ensemble approfondi l&#8217;analyse du r\u00e9pertoire de chants populaires siciliens amplement connus \u00e0 l&#8217;\u00e9tranger, mettant en \u00e9vidence les caract\u00e9ristiques et la p\u00e9culiarit\u00e9 lies au territoire et \u00e0 la langue. En programmation des morceaux de la m\u00e9moire collective des siciliens: Si maritau Rosa, Vitti na crozza, la luna a menzu u mari, la marranzanata, Cu ti lu dissi, Lu Sciccareddu, Malarazzae et d&#8217;autres encore.<br \/>La Silcily Folk Orchestra est donc un concept band \u00e9largi, focalis\u00e9 sur la Sicile, ses rythmes, ses chants, souvent \u00e9labor\u00e9s \u00e0 travers les sons des instruments traditionnels de zampogna, marranzano, tambourin, mandoline, petit orgue et friscallettu, avec un son qui se renforce et s&#8217;enrichit aussi gr\u00e2ce \u00e0 l&#8217;utilisation d&#8217;instruments modernes comme la guitare \u00e9lectrique la contrebasse, la batterie, les flutes.<\/p>\n<p>\u00a0<\/p>\n<p><strong>Estate all\u2019Italiana Festival avec Festival Valle d\u2019Itria<\/strong><\/p>\n<p>17 juillet 2021: La 47\u00b0 \u00e9dition du festival s&#8217;ouvre avec la cr\u00e9ation de Franz Joseph Haydn (1798) dans la version rythmique en italien \u00e9labor\u00e9e expr\u00e8s pour le festival pugliese par le c\u00e9l\u00e8bre philologue Drio Del Corno et qui sera revue pour cette nouvelle \u00e9dition par le fils Filippo (compositeur et actuellement conseiller \u00e0 la culture de la Commune de Milan) intervenant sur le lexique et la m\u00e9trique, dans le but d&#8217;une meilleure adh\u00e9rence du texte a la structure dramaturgique musicale pour la repr\u00e9sentation sc\u00e9nique en 2021 avec la direction de Fabio Ceresa et les d\u00e9cors de Tiziano Santi, artistes connus et appr\u00e9cies par le publique martinais. Sur le podium de l&#8217;orchestre du Petruzzelli de Bari, le directeur musical du Festival, Fabio Luisi<\/p>\n<p>\u00a0<\/p>\n<p><strong>Estate all\u2019Italiana Festival con Piccolo Opera Festival<\/strong><\/p>\n<p>19 juillet 2021: Nouvelle co-production avec le th\u00e9\u00e2tre Goldini Livorno. Marie n\u00e9e dans une faubourg pauvre de Buenos Aires &#8220;un jour o\u00f9 Dieu \u00e9tait ivre&#8221;, est une jeune ouvri\u00e8re d\u2019une industrie textile. Irr\u00e9sistiblement attir\u00e9e par la musique du tango \u00e9cout\u00e9 dans la rue \u00e0 la porte d\u2019un bar de nuit, elle devient une chanteuse de tango, fini par entrer dans une maison close o\u00f9 elle meurt encore tr\u00e8s jeune. Dans un sc\u00e9nario plut\u00f4t surr\u00e9el, sa mort est d\u00e9cid\u00e9e au cours d\u2019une messe noire tenue par des personnages de mauvaise r\u00e9putation. Sa condamnation \u00e0 mort est \u00e9galement une condamnation \u00e0 l\u2019enfer, et l\u2019enfer est la ville de Buenos Aires, o\u00f9 \u00e8re son esprit. La mort est \u00e9galement le retour \u00e0 la virginit\u00e9, viol\u00e9e par le po\u00e8te follet qui l\u2019a mis enceinte par sa parole.<br \/>Elle accouchera d\u2019une fille, nomm\u00e9e Maria, symbole d\u2019elle-m\u00eame mais aussi de la ville qui renait \u00e0 chaque fois. Autour de Maria se meut El Cantor, un jeune \u00e9crivain, El Dunde, le follet, avec un groupe de marionnettes pittoresques sous son contr\u00f4le, divers \u00e9l\u00e9ments des faubourgs de Buenos Aires et des psychanalystes, spectre de la crise argentine des ann\u00e9es Soixante avec les innombrables cas de n\u00e9vroses, d\u00e9sespoir et perte de la propre identit\u00e9 personnelle, civique et sociale. C\u2019est le Dunde, cette sorte de d\u00e9mon, qui va sur la tombe de Maria et la fait revivre la contraignant \u00e0 nouveau \u00e0 la m\u00eame terrible vie qu\u2019elle a laiss\u00e9, le Bandoneon est \u00e9galement un d\u00e9mon, qui s\u00e9duit la pauvre l\u2019amenant dans le champ du mal pour la seconde fois.<br \/>Tout autour se meuvent ivrognes, assassins, voleurs, prostitu\u00e9es et prox\u00e9n\u00e8tes.<\/p>\n<p>\u00a0<\/p>\n<p><strong>Estate all\u2019Italiana Festival con Associazione Figli d\u2019Arte Cuticchio (ATF)<\/strong><\/p>\n<p>21 juillet 2021:\u00a0Elle accouchera d\u2019une fille, nomm\u00e9e Maria, symbole d\u2019elle-m\u00eame mais aussi de la ville qui renait \u00e0 chaque fois. Autour de Maria se meut El Cantor, un jeune \u00e9crivain, El Dunde, le follet, avec un groupe de marionnettes pittoresques sous son contr\u00f4le, divers \u00e9l\u00e9ments des faubourgs de Buenos Aires et des psychanalystes, spectre de la crise argentine des ann\u00e9es Soixante avec les innombrables cas de n\u00e9vroses, d\u00e9sespoir et perte de la propre identit\u00e9 personnelle, civique et sociale. C\u2019est le Dunde, cette sorte de d\u00e9mon, qui va sur la tombe de Maria et la fait revivre la contraignant \u00e0 nouveau \u00e0 la m\u00eame terrible vie qu\u2019elle a laiss\u00e9, le Bandoneon est \u00e9galement un d\u00e9mon, qui s\u00e9duit la pauvre l\u2019amenant dans le champ du mal pour la seconde fois.<\/p>\n<p>\u00a0<\/p>\n<p><strong>Estate all\u2019Italiana Festival con Puccini Festival<\/strong><\/p>\n<p>23 juillet 2021:\u00a0Tout autour se meuvent ivrognes, assassins, voleurs, prostitu\u00e9es et prox\u00e9n\u00e8tes.<\/p>\n<p>\u00a0<\/p>\n<p><strong>Estate all\u2019Italiana Festival con Macerata Opera Festival<\/strong><\/p>\n<p>28 juillet 2021:\u00a0Le spectacle sera mis en sc\u00e8ne au Sferisterio en mode Palco Reverse: publique et artistes ensemble sur la sc\u00e8ne et la toile de fond de la merveilleuse colonnade de Sferisterio.<br \/>\u2026.composition originale de Silvia Colasanti par voix r\u00e9citante, contret\u00e9nor, quartet d&#8217;arches et percussions textes de Mariaangela Gualtieri et William Shakespire \u00e9dition Casa Ricordi<\/p>\n<p>\u00a0<\/p>\n<p><strong>Estate all\u2019Italiana Festival con Traiettorie<\/strong><\/p>\n<p>30 juillet 2021:\u00a0Le 11 juin pour l&#8217;exposition de musique moderne et contemporaine Traiettorie, montera sur la sc\u00e8ne du Centre de Production Musicale A Toscanini de Parme l&#8217;Ensemble Prometeo dirige par Marco Angius. Le programme &#8211; qui s&#8217;inscrit dans la lign\u00e9e du th\u00e8me de la trente et uni\u00e8me \u00e9dition de Traiettorie sera d\u00e9di\u00e9 \u00e0 la musique am\u00e9ricaine &#8211; proposera un dialogue intense entre Etats Unis et Italie sur le plan instrumental (le son absolu de Morton Feldman et les g\u00e9om\u00e9tries illusionnistes de Aldo Clementi) et sur le plan vocal (les d\u00e9fis entre son et signification de Brian Ferneyhough et Franco Donatoni), avec la participation du mezzosoprano Kataryna Otczyk.<\/p>\n<p>\u00a0<\/p>\n<p><strong>Estate all\u2019Italiana Festival con Opera Estate Festival<\/strong><\/p>\n<p>2 aout 2021:\u00a0Au centenaire de la mort du compositeur Camille Saint Saens, un network italien d&#8217;organismes de danse cr\u00e9e le projet Swan never Die et invite divers artistes \u00e0 travailler le solo La mort du signe (cr\u00e9\u00e9 par Fokine pour la l\u00e9gendaire ballerine Anna Pavlova) comme un champ exp\u00e9rimental, entre r\u00e9invention et citation, entre histoire et m\u00e9moire. Conjointement \u00e0 la version classique interpr\u00e9t\u00e9e par Virna Toppi, premi\u00e8re ballerine du th\u00e9\u00e2tre da la Scala, le cr\u00e9ation de Chiara Bersani, Collectif MINE, Silvia Gribaudi, Philippe Kratz et de Camilla Monga, accompagn\u00e9e par les musiciens Filippo Vignato et Emanuele Maniscalco.<br \/>THEATRE MUSIQUE<\/p>\n<p>\u00a0<\/p>\n<p><strong>Estate all\u2019Italiana Festival con Teatro del Drago (ATF)<\/strong><\/p>\n<p>7 aout 2021:\u00a0Spectacle de th\u00e9\u00e2tre de figures muettes, dans lequel se fondent images, musiques, et animations cr\u00e9ant une atmosph\u00e8re joueuse et pleine de couleurs voil\u00e0 le grand cirque de Pinocchio. La sc\u00e9nographie et les marionnettes sont inspir\u00e9es des images de Alain Letort, artiste fran\u00e7ais qui a rendu hommage \u00e0 la fameuse marionnette en bois en cr\u00e9ant 12 tables en porcelaine, color\u00e9es ensuite par Gianni Plazzi. L\u2019intrigue refl\u00e8te les personnages des dessins, comme par exemple Geppetto, le Chat et le Renard, la F\u00e9e, le Mangeur de feu, en cr\u00e9ant des cadres et des sc\u00e8nes ind\u00e9pendantes, comme dans un collage qui voudrait retracer visuellement la fameuse histoire de Collodi. le spectacle entier se d\u00e9roule dans la partie centrale de la sc\u00e8ne, ou l&#8217;espace th\u00e9\u00e2trale accueille \u00e0 chaque fois les maigres \u00e9l\u00e9ments sc\u00e9niques. Dans le m\u00eame espace se meuvent \u00e9galement les acteurs, accompagnateurs fixes des marionnettes, dans une animation visuelle qui est d\u00e9sormais partie int\u00e9grante de l&#8217;expression et de la recherche men\u00e9e au cours des derni\u00e8res ann\u00e9es par la compagnie. Les quatre acteurs deviennent ainsi le fondement de l&#8217;action sc\u00e9nique, comme s\u2019ils \u00e9taient eux-m\u00eames, rentr\u00e9s en chair et en os, dans le cirque color\u00e9 de Pinocchio Spectacle qui a fait le tour du monde, amusant des enfants de toutes les cultures et de tout \u00e2ge. Ses p\u00e9culiarit\u00e9s le rendent universel dans les contenus, dans les techniques d&#8217;animation et dans le langage. Les paroles deviennent musique, perdent leur signification, deviennent des simples sons qui accompagnes les mouvements des marionnettes mis en mouvement visuel par quatre acteurs-animateurs, selon une technique ch\u00e8re \u00e0 la compagnie.<\/p>\n<p>\u00a0<\/p>\n<p><strong>Estate all\u2019Italiana Festival con Festival Internazionale di Mezza Estate \u2013 Tagliacozzo Festival<\/strong><\/p>\n<p>9 aout 2021:\u00a0Beethoven: triple concerto \/ Beethoven: symphonie n.3 Eroica<\/p>\n<p>\u00a0<\/p>\n<p><strong>Estate all\u2019Italiana Festival con Armonie d\u2019Arte Festival<\/strong><\/p>\n<p>11 aout 2021:\u00a0La route g\u00e9ographique et artistique qui relie l&#8217;Italie \u00e0 l&#8217;Argentine dans la figure musicalement raffin\u00e9e et en m\u00eame temps emphatique de Astor Piazzolla, d&#8217;origines italiennes mais repr\u00e9sentant principal du mood sud-am\u00e9ricain.<br \/>Musiques de Piazzolla et Nino Rota<\/p>\n<p>\u00a0<\/p>\n<p><strong>Estate all\u2019Italiana Festival con Rossini Opera Festival<\/strong><\/p>\n<p>18 aout 2021:\u00a0musique de Rossini &#8211; drame jou\u00e9 en un acte de L. Balochi<\/p>\n<p>\u00a0<\/p>\n<p><strong>Estate all\u2019Italiana Festival con il Festival Verdi<\/strong><\/p>\n<p>21 aout 2021:\u00a0Michele Mariotti sur le podium du Philarmonique Arturo Toscanini et de la Chorale du Th\u00e9\u00e2tre Regio de Parme, pr\u00e9pare par Martino Faggiantorna au Festival Verdi apr\u00e8s neuf ans et dirige pour la premi\u00e8re fois Ernani, au programme du XX Festival Verdi au Th\u00e9\u00e2tre Regio de Parme, ou l\u2019op\u00e9ra sous forme de concert a \u00e9t\u00e9 d\u00e9plac\u00e9 \u00e0 cause des conditions m\u00e9t\u00e9orologiques incertaines.<br \/>Ernani absent du Th\u00e9\u00e2tre Regio de Parme depuis 15 ans, sera retransmis en direct superstreaming.com, vendredi 25 septembre 2020, \u00e0 20h00, inaugurant la nouvelle affiche du premier portail online gratuit d\u00e9die a l\u2019op\u00e9ra lyrique en Italie. le projet triennale, soutenue par la Region Emilia-Romagna est r\u00e9alis\u00e9 en collaboration avec Edunova et l&#8217;Universit\u00e9 de Modena et Reggio Emilia, est n\u00e9 pour divulguer et rependre la passion de la musique et la beaut\u00e9 de l\u2019op\u00e9ra lyrique, pour rendre le spectacle accessible \u00e0 tous, surtout \u00e0 ceux qui ne peuvent pas y assister en direct, \u00e0 traves une riche programmation d&#8217;\u00e9missions vid\u00e9o r\u00e9alis\u00e9es dans les principaux th\u00e9\u00e2tres et entit\u00e9s lyrique de la Region, territoire de tradition musicale et de production d\u2019op\u00e9ra de prestige a l&#8217;internationale.<\/p>\n<p>\u00a0<\/p>\n<p><strong>Estate all\u2019Italiana Festival con Umbria Jazz<\/strong><\/p>\n<p>24 aout 2021:\u00a0c&#8217;est un festival tres particulier que Umbria Jazz a organise pour la sction des concert de l&#8217;apres midi. Un cycle entierement dedie aux orchestres italiens, formations qui malgre les difficultes font preuve d&#8217;une extraordinaire vitalite artistique. Il en ressort un spectacle varie, fait de styles et visions differentes, avec comme denominateur commun la fascination que les grandes formations peuvent excercer sur le public.<\/p>\n<p>\u00a0<\/p>\n<p><strong>Estate all\u2019Italiana Festival con Mittelfest<\/strong><\/p>\n<p>27 aout 2021:\u00a0Concert inaugurale de la 30\u00b0 \u00e9dition de Mittelfest (27\/8 &#8211; 5\/9). C\u2019est une descente d&#8217;un fleuve \u00e0 l&#8217;autre, ou en admirer le cours sur les arcades de nombreux ponts, ce concert cr\u00e9\u00e9 par FVG Orchestra pour Mittelfest 2021. Car la Mitteleuropa, est au fond, est un dense r\u00e9seau d&#8217;eaux, qui s&#8217;enchev\u00eatrent comme il en survient de ses langues, de ses habitants, \u00e0 la richesse stratifi\u00e9e des gestes, des routes, des villes. Grigor Palikarov dirige alors l&#8217;orchestre et la jeune soliste Erica Piccotti dans une navigation sans fin, le long du Rhein de la troisi\u00e8me symphonie de Schumann et la Moldave de Smetana, accostant sur le Ponte del Diavolo, r\u00e9invent\u00e9 musicalement pour l&#8217;occasion par Cristina Carrara.<br \/>Premi\u00e8re absolue.<\/p>\n<p>\u00a0<\/p>\n<p><strong>Estate all\u2019Italiana Festival con Borgate dal vivo<\/strong><\/p>\n<p>31 aout 2021:\u00a0Isabella Ragonese inaugure la sixi\u00e8me \u00e9dition de Borgate en direct avec un \u00e9v\u00e8nement sp\u00e9cial. Par la cour interne du Mus\u00e9e Egizio de Turin, l&#8217;actrice lira quelques morceaux tires de &#8220;Le Cosmicomiche&#8221; de Italo Calvino. La musique en direct qui accompagnera la lecture, sera r\u00e9alis\u00e9e par Riccadrdo Mazza, conservateur du projet Frequencies et arrivera directement de l&#8217;espace. Un petit radiot\u00e9lescope r\u00e9v\u00e8lera en temps r\u00e9el de brefs signaux depuis l&#8217;espace. Les signaux produits seront les cellules sonores sur lesquelles seront construites en temps r\u00e9el la sonorisation par synth\u00e9tiseur modulaire.<\/p>\n<p>\u00a0<\/p>\n<p><strong>Estate all\u2019Italiana Festival con Festival Musica Sacra Pordenone<\/strong><\/p>\n<p>2 septembre 2021:\u00a0Du riche et original patrimoine musical fleuri \u00e0 l\u2019\u00e2ge m\u00e9di\u00e9val dans la vaste zone du Patriarca de Aquileia tr\u00e8s peu de choses nous sont parvenues et ce qui reste dans les codes antiques est principalement monodie liturgique ou para liturgique. Le concert Patriarcharumconcentus veut offrir un exemple de la richesse de langage et formes musicales (s\u00e9quences, discanti, motet, hymnes, motets c\u00e9l\u00e9bratifs, madrigali ex) pratiqu\u00e9es entre le XV et XVI si\u00e8cle dans la vaste zone du patriarca, lieu de rencontre des langues et des cultures diff\u00e9rentes et d&#8217;\u00e9changes de connaissances. On y pr\u00e9sentera des pages rares et des \u0153uvres pr\u00e9cieuses d&#8217;auteurs locaux ou actifs localement (Antonio da Cividale, Renzo di Pontecorvo, Filippotto da Caserta, Cristoforo de Monte, Pietro Capretto, Francesco Santacroce, Filippo da Lurano, Lupus) au cote de pages d&#8217;auteurs internationaux de la premi\u00e8re Renaissance dont les musiques se retrouvent dans des codes qui ont appartenu \u00e0 des institutions du patriarcat (Jean Mouton, Claudin de Sermisy, Adrian Willaert).<\/p>\n<p>\u00a0<\/p>\n<p><strong>Estate all\u2019Italiana Festival con Mascagni Festival<\/strong><\/p>\n<p>10 septembre 2021:\u00a0concerto lyrique symphonique<\/p>\n<p>\u00a0<\/p>\n<p><strong>Estate all\u2019Italiana Festival con S\u00fcdtirol festival Merano<\/strong><\/p>\n<p>12 septembre 2021:\u00a020h30 &#8211; Kursaal<br \/>SIR KARL JENKINS<br \/>Programme : Karl Jenkins: Chanteur Domino, The Armed Man &#8211; A Mass for Peace<br \/>Dans ce concerto nous avons notre orchestre r\u00e9gionale associ\u00e9e au Chamber Choir of Europe dirig\u00e9e par un des plus renomm\u00e9s compositeurs actuels c&#8217;est \u00e0 dire Karl Jenkins. Le programme pr\u00e9voit la Messe pour la Paix The Armed Man du compositeur Karl Jenkins, qui le dirigera personnellement. Le th\u00e8me de la paix est surement tr\u00e8s appropri\u00e9 et la musique de Jenkins est tr\u00e8s connue et fascinante.<br \/>Projection pr\u00e9vue sur l&#8217;arri\u00e8re de la sc\u00e8ne :<br \/>https:\/\/www.youtube.com\/watch?v=8BSoL9Cc4V<br \/><a href=\"https:\/\/www.youtube.com\/watch?v=EYCkm7i5ZT\">https:\/\/www.youtube.com\/watch?v=EYCkm7i5ZT<\/a><\/p>\n<p>\u00a0<\/p>\n<p><strong>Estate all\u2019Italiana Festival con Opera Estate Festival<\/strong><\/p>\n<p>14 septembre 2021:\u00a0Premi\u00e8re Nationale.<br \/>Co-production Operaestate Festival Veneto. Une nouvelle production cr\u00e9\u00e9e pour l&#8217;anniversaire dantesque. C&#8217;est le Paradis de Dante. Pierre angulaire de la r\u00e9flexion musicale de Salvatoe Sciarrino sur la Com\u00e9die : une architecture en son qui par l&#8217;indistincte vibration originale, se stratifie selon l&#8217;ascendant vers le plus haut des Cieux. Pendant que l&#8217;Orchestre dirig\u00e9e par Marco Angus ex\u00e9cute la composition de Sciarrino, au centre d&#8217;une chambre acoustique dessin\u00e9e et faite par Anagoor et plac\u00e9e dans l&#8217;Eglise de Saint Fran\u00e7ois, chef d&#8217;\u0153uvre contemporain de Dante, l&#8217;auditeur est invite \u00e0 contempler la transparence de l&#8217;espace et du temps, vers un centre auquel tout se meut: le silence.<\/p>\n<p>\u00a0<\/p>\n<p><strong>Estate all\u2019Italiana Festival con Festival delle Nazioni<\/strong><\/p>\n<p>21 septembre 2021:\u00a0concerto pour 500 i\u00e8me anniversaire de la mort de Raffaello<\/p>\n","protected":false},"excerpt":{"rendered":"Pour la deuxi\u00e8me ann\u00e9e cons\u00e9cutive, &#8220;L&#8217;\u00e9t\u00e9 au festival italien&#8221; est de retour, une initiative promue par le minist\u00e8re des Affaires \u00e9trang\u00e8res et de la Coop\u00e9ration internationale, en collaboration avec l&#8217;Association ItaliaFestival, l&#8217;association multidisciplinaire form\u00e9e par certains des festivals italiens les plus prestigieux. Jusqu&#8217;au 21 septembre 2021, une visite virtuelle des principaux festivals italiens d\u00e9marre : [&hellip;]","protected":false},"author":1,"featured_media":0,"comment_status":"","ping_status":"","sticky":false,"template":"","format":"standard","meta":{"footnotes":""},"tags":[],"class_list":["post-766","post","type-post","status-publish","format-standard","hentry"],"_links":{"self":[{"href":"https:\/\/ambkinshasa.esteri.it\/fr\/wp-json\/wp\/v2\/posts\/766","targetHints":{"allow":["GET"]}}],"collection":[{"href":"https:\/\/ambkinshasa.esteri.it\/fr\/wp-json\/wp\/v2\/posts"}],"about":[{"href":"https:\/\/ambkinshasa.esteri.it\/fr\/wp-json\/wp\/v2\/types\/post"}],"author":[{"embeddable":true,"href":"https:\/\/ambkinshasa.esteri.it\/fr\/wp-json\/wp\/v2\/users\/1"}],"replies":[{"embeddable":true,"href":"https:\/\/ambkinshasa.esteri.it\/fr\/wp-json\/wp\/v2\/comments?post=766"}],"version-history":[{"count":0,"href":"https:\/\/ambkinshasa.esteri.it\/fr\/wp-json\/wp\/v2\/posts\/766\/revisions"}],"wp:attachment":[{"href":"https:\/\/ambkinshasa.esteri.it\/fr\/wp-json\/wp\/v2\/media?parent=766"}],"wp:term":[{"taxonomy":"post_tag","embeddable":true,"href":"https:\/\/ambkinshasa.esteri.it\/fr\/wp-json\/wp\/v2\/tags?post=766"}],"curies":[{"name":"wp","href":"https:\/\/api.w.org\/{rel}","templated":true}]}}