{"id":798,"date":"2021-05-17T15:40:20","date_gmt":"2021-05-17T14:40:20","guid":{"rendered":"https:\/\/ambkinshasa.esteri.it\/news\/dall_ambasciata\/2021\/05\/aggiornamento-misure-su-ungresso-2\/"},"modified":"2021-05-17T15:40:20","modified_gmt":"2021-05-17T14:40:20","slug":"aggiornamento-misure-su-ungresso-2","status":"publish","type":"post","link":"https:\/\/ambkinshasa.esteri.it\/fr\/news\/dall_ambasciata\/2021\/05\/aggiornamento-misure-su-ungresso-2\/","title":{"rendered":"MISE A JOUR DES MESURES D&#8217;ENTREE EN ITALIE"},"content":{"rendered":"<p><span style=\"text-decoration: underline;\"><strong>ORDONNANCE DU MINISTERE DE LA SANTE DU 14\/05\/2021<\/strong><\/span><\/p>\n<p>\u00a0<\/p>\n<p>Les mesures r\u00e9gissant l\u2019entr\u00e9e et les d\u00e9placements\u00a0depuis et pour\u00a0l\u2019\u00e9tranger, en vigueur du 16 mai au 30 juillet 2021, ont \u00e9t\u00e9 mises \u00e0 jour.<\/p>\n<p>Vous pouvez consulter toutes les nouveaut\u00e9s dans<a href=\"https:\/\/www.esteri.it\/mae\/en\/ministero\/normativaonline\/decreto-iorestoacasa-domande-frequenti\/focus-cittadini-italiani-in-rientro-dall-estero-e-cittadini-stranieri-in-italia.html\"><strong> la section consacr\u00e9e au site web du Minist\u00e8re des Affaires Etrang\u00e8res et de la Coop\u00e9ration internationale.<\/strong><\/a><\/p>\n<p>Par rapport \u00e0 la r\u00e9glementation pr\u00e9c\u00e9dente pour les pays D et <strong>E<\/strong>, l\u2019ordonnance pr\u00e9voit l\u2019obligation d\u2019effectuer dans les<strong> 72 heures (au lieu de 48) pr\u00e9c\u00e9dant l\u2019entr\u00e9e en Italie le tampon mol\u00e9culaire ou antig\u00e9nique n\u00e9gatif.<\/strong><\/p>\n","protected":false},"excerpt":{"rendered":"ORDONNANCE DU MINISTERE DE LA SANTE DU 14\/05\/2021 \u00a0 Les mesures r\u00e9gissant l\u2019entr\u00e9e et les d\u00e9placements\u00a0depuis et pour\u00a0l\u2019\u00e9tranger, en vigueur du 16 mai au 30 juillet 2021, ont \u00e9t\u00e9 mises \u00e0 jour. Vous pouvez consulter toutes les nouveaut\u00e9s dans la section consacr\u00e9e au site web du Minist\u00e8re des Affaires Etrang\u00e8res et de la Coop\u00e9ration internationale. [&hellip;]","protected":false},"author":1,"featured_media":0,"comment_status":"","ping_status":"","sticky":false,"template":"","format":"standard","meta":{"footnotes":""},"tags":[],"class_list":["post-798","post","type-post","status-publish","format-standard","hentry"],"_links":{"self":[{"href":"https:\/\/ambkinshasa.esteri.it\/fr\/wp-json\/wp\/v2\/posts\/798","targetHints":{"allow":["GET"]}}],"collection":[{"href":"https:\/\/ambkinshasa.esteri.it\/fr\/wp-json\/wp\/v2\/posts"}],"about":[{"href":"https:\/\/ambkinshasa.esteri.it\/fr\/wp-json\/wp\/v2\/types\/post"}],"author":[{"embeddable":true,"href":"https:\/\/ambkinshasa.esteri.it\/fr\/wp-json\/wp\/v2\/users\/1"}],"replies":[{"embeddable":true,"href":"https:\/\/ambkinshasa.esteri.it\/fr\/wp-json\/wp\/v2\/comments?post=798"}],"version-history":[{"count":0,"href":"https:\/\/ambkinshasa.esteri.it\/fr\/wp-json\/wp\/v2\/posts\/798\/revisions"}],"wp:attachment":[{"href":"https:\/\/ambkinshasa.esteri.it\/fr\/wp-json\/wp\/v2\/media?parent=798"}],"wp:term":[{"taxonomy":"post_tag","embeddable":true,"href":"https:\/\/ambkinshasa.esteri.it\/fr\/wp-json\/wp\/v2\/tags?post=798"}],"curies":[{"name":"wp","href":"https:\/\/api.w.org\/{rel}","templated":true}]}}