{"id":823,"date":"2021-04-20T13:45:57","date_gmt":"2021-04-20T12:45:57","guid":{"rendered":"https:\/\/ambkinshasa.esteri.it\/news\/dall_ambasciata\/2021\/04\/aggiornamento-misure-su-ingresso-2\/"},"modified":"2021-04-20T13:45:57","modified_gmt":"2021-04-20T12:45:57","slug":"aggiornamento-misure-su-ingresso-2","status":"publish","type":"post","link":"https:\/\/ambkinshasa.esteri.it\/fr\/news\/dall_ambasciata\/2021\/04\/aggiornamento-misure-su-ingresso-2\/","title":{"rendered":"MISE A JOUR DES MESURES D&#8217;ENTREE EN ITALIE A PARTIR DU  16 AVRIL 2021"},"content":{"rendered":"<p><span style=\"text-decoration: underline;\"><strong>ORDONNANCE DU MINISTRE ITALIEN DE LA SANT\u00c9 DU 16\/04\/2021<\/strong><\/span><\/p>\n<p><strong>MISE \u00c0 JOUR DES MESURES D&#8217;ENTR\u00c9E EN ITALIE<\/strong><\/p>\n<p>Par arr\u00eat\u00e9 du Ministre de la Sant\u00e9 du 16 avril 2021 en vigueur \u00e0 partir du 18 avril 2021, les dispositions suivantes ont \u00e9t\u00e9 prises:<\/p>\n<p>\u2022 <strong>L&#8217;obligation, \u00e0 partir du 19 avril, pour ceux qui entrent dans le territoire italien en provenance d&#8217;\u00c9tats ou territoires inclus dans les listes<\/strong> C, D et <strong>E (qui comprend \u00e9galement la RDC)<\/strong> <strong>de faire un pr\u00e9l\u00e8vement mol\u00e9culaire dans les 48 heures avant l&#8217;entr\u00e9e en Italie<\/strong> ;<\/p>\n<p>\u2022<strong> L&#8217;obligation, \u00e0 partir du 19 avril, pour ceux qui entrent dans le territoire italien en provenance des Pays mentionn\u00e9s dans les listes<\/strong> D et <strong>E,<\/strong> <strong>d&#8217;observer une p\u00e9riode de quarantaine \u00e0 domicile de 10 jours, et d\u2019effectuer un pr\u00e9l\u00e8vement mol\u00e9culaire \u00e0 la fin de cette p\u00e9riode<\/strong>;<\/p>\n<p>\u2022 <strong>L&#8217;obligation, pour ceux qui entrent dans le territoire italien en provenance des Pays mentionn\u00e9s dans les listes<\/strong> B, C, D et<strong> E de remplir un <a href=\"http:\/\/www.salute.gov.it\/portale\/nuovocoronavirus\/dettaglioContenutiNuovoCoronavirus.jsp?lingua=italiano&#038;id=5411&#038;area=nuovoCoronavirus&#038;menu=vuoto&#038;tab=8#procedura\">formulaire de localisation en format num\u00e9rique<\/a><\/strong>, sur la base des indications de la circulaire sp\u00e9cifique de la Direction G\u00e9n\u00e9rale de Pr\u00e9vention Sanitaire du Minist\u00e8re de la Sant\u00e9.<\/p>\n","protected":false},"excerpt":{"rendered":"ORDONNANCE DU MINISTRE ITALIEN DE LA SANT\u00c9 DU 16\/04\/2021 MISE \u00c0 JOUR DES MESURES D&#8217;ENTR\u00c9E EN ITALIE Par arr\u00eat\u00e9 du Ministre de la Sant\u00e9 du 16 avril 2021 en vigueur \u00e0 partir du 18 avril 2021, les dispositions suivantes ont \u00e9t\u00e9 prises: \u2022 L&#8217;obligation, \u00e0 partir du 19 avril, pour ceux qui entrent dans le [&hellip;]","protected":false},"author":1,"featured_media":0,"comment_status":"","ping_status":"","sticky":false,"template":"","format":"standard","meta":{"footnotes":""},"tags":[],"class_list":["post-823","post","type-post","status-publish","format-standard","hentry"],"_links":{"self":[{"href":"https:\/\/ambkinshasa.esteri.it\/fr\/wp-json\/wp\/v2\/posts\/823","targetHints":{"allow":["GET"]}}],"collection":[{"href":"https:\/\/ambkinshasa.esteri.it\/fr\/wp-json\/wp\/v2\/posts"}],"about":[{"href":"https:\/\/ambkinshasa.esteri.it\/fr\/wp-json\/wp\/v2\/types\/post"}],"author":[{"embeddable":true,"href":"https:\/\/ambkinshasa.esteri.it\/fr\/wp-json\/wp\/v2\/users\/1"}],"replies":[{"embeddable":true,"href":"https:\/\/ambkinshasa.esteri.it\/fr\/wp-json\/wp\/v2\/comments?post=823"}],"version-history":[{"count":0,"href":"https:\/\/ambkinshasa.esteri.it\/fr\/wp-json\/wp\/v2\/posts\/823\/revisions"}],"wp:attachment":[{"href":"https:\/\/ambkinshasa.esteri.it\/fr\/wp-json\/wp\/v2\/media?parent=823"}],"wp:term":[{"taxonomy":"post_tag","embeddable":true,"href":"https:\/\/ambkinshasa.esteri.it\/fr\/wp-json\/wp\/v2\/tags?post=823"}],"curies":[{"name":"wp","href":"https:\/\/api.w.org\/{rel}","templated":true}]}}