{"id":830,"date":"2021-03-29T13:18:49","date_gmt":"2021-03-29T12:18:49","guid":{"rendered":"https:\/\/ambkinshasa.esteri.it\/news\/dall_ambasciata\/2021\/03\/nuova-edizione-del-progetto-di-2\/"},"modified":"2021-03-29T13:18:49","modified_gmt":"2021-03-29T12:18:49","slug":"nuova-edizione-del-progetto-di-2","status":"publish","type":"post","link":"https:\/\/ambkinshasa.esteri.it\/fr\/news\/dall_ambasciata\/2021\/03\/nuova-edizione-del-progetto-di-2\/","title":{"rendered":"Nouvelle Edition du Projet de Haute Formation Profesionnelle&#8221;OPEN AFRICA POWER&#8221; organis\u00e9 par ENEL FOUNDATION"},"content":{"rendered":"<p style=\"text-align: justify;\">l\u2019ENEL Fondation organise un concours ayant pour objectif la s\u00e9lection des participants \u00e0 la quatri\u00e8me \u00e9dition du Projet de Haute Formation Professionnelle \u00ab Open Africa Power \u00bb, d\u00e9di\u00e9 aux nouvelles g\u00e9n\u00e9rations, protagonistes de la transition \u00e9nerg\u00e9tique n\u00e9cessaire \u00e0 l\u2019arr\u00eat du changement climatique, th\u00e8me principal de la Pr\u00e9sidence italienne du G20 et de la Cop 26.<\/p>\n<p style=\"text-align: justify;\">L\u2019ENEL (une entreprise de production et distribution d\u2019\u00e9nergie \u00e9lectrique avec participation de l\u2019\u00c9tat) a cr\u00e9\u00e9 sa propre fondation sans but lucratif pour la formation dans le domaine de l\u2019\u00e9nergie et du d\u00e9veloppement soutenable.<\/p>\n<p style=\"text-align: justify;\">En raison des restrictions de voyage dues \u00e0 la pand\u00e9mie de la Covid 19, cette ann\u00e9e la premi\u00e8re phase du projet se d\u00e9roulera virtuellement suivant le programme ci-dessous :<\/p>\n<p style=\"text-align: justify;\">\u00b7 D\u00e9but mai jusqu\u2019\u00e0 fin juin 2021, \u00ab African Digital Module \u00bb sur l\u2019\u00e9tat actuel de la technique dans le domaine du secteur \u00e9lectrique ;<\/p>\n<p style=\"text-align: justify;\">\u00b7 D\u00e9but mai jusqu\u2019\u00e0 fin septembre 2021, \u00ab Florence School of Regulation \u00bb cours en ligne sur l\u2019acc\u00e8s \u00e0 l\u2019\u00e9nergie ;<\/p>\n<p style=\"text-align: justify;\">\u00b7 Octobre 2021, \u00ab Italian Digital\/In person Module \u00bb sur les nouvelles fronti\u00e8res en mati\u00e8re d\u2019\u00e9nergie New Frontiers of the Energy Sector.<\/p>\n<p style=\"text-align: justify;\">Les participants qualifi\u00e9s pourront pr\u00e9senter leurs candidatures au concours avant le<strong> 6 avril 2021<\/strong> sur le lien suivant :<\/p>\n<p style=\"text-align: justify;\"><a href=\"https:\/\/www.enelfoundation.org\/news\/a\/2021\/03\/open-africa-power-2021-call-for-applications\">https:\/\/www.enelfoundation.org\/news\/a\/2021\/03\/open-africa-power-2021-call-for-applications<\/a><\/p>\n<p>\u00a0<\/p>\n","protected":false},"excerpt":{"rendered":"l\u2019ENEL Fondation organise un concours ayant pour objectif la s\u00e9lection des participants \u00e0 la quatri\u00e8me \u00e9dition du Projet de Haute Formation Professionnelle \u00ab Open Africa Power \u00bb, d\u00e9di\u00e9 aux nouvelles g\u00e9n\u00e9rations, protagonistes de la transition \u00e9nerg\u00e9tique n\u00e9cessaire \u00e0 l\u2019arr\u00eat du changement climatique, th\u00e8me principal de la Pr\u00e9sidence italienne du G20 et de la Cop 26. [&hellip;]","protected":false},"author":1,"featured_media":0,"comment_status":"","ping_status":"","sticky":false,"template":"","format":"standard","meta":{"footnotes":""},"tags":[],"class_list":["post-830","post","type-post","status-publish","format-standard","hentry"],"_links":{"self":[{"href":"https:\/\/ambkinshasa.esteri.it\/fr\/wp-json\/wp\/v2\/posts\/830","targetHints":{"allow":["GET"]}}],"collection":[{"href":"https:\/\/ambkinshasa.esteri.it\/fr\/wp-json\/wp\/v2\/posts"}],"about":[{"href":"https:\/\/ambkinshasa.esteri.it\/fr\/wp-json\/wp\/v2\/types\/post"}],"author":[{"embeddable":true,"href":"https:\/\/ambkinshasa.esteri.it\/fr\/wp-json\/wp\/v2\/users\/1"}],"replies":[{"embeddable":true,"href":"https:\/\/ambkinshasa.esteri.it\/fr\/wp-json\/wp\/v2\/comments?post=830"}],"version-history":[{"count":0,"href":"https:\/\/ambkinshasa.esteri.it\/fr\/wp-json\/wp\/v2\/posts\/830\/revisions"}],"wp:attachment":[{"href":"https:\/\/ambkinshasa.esteri.it\/fr\/wp-json\/wp\/v2\/media?parent=830"}],"wp:term":[{"taxonomy":"post_tag","embeddable":true,"href":"https:\/\/ambkinshasa.esteri.it\/fr\/wp-json\/wp\/v2\/tags?post=830"}],"curies":[{"name":"wp","href":"https:\/\/api.w.org\/{rel}","templated":true}]}}