{"id":998,"date":"2020-03-13T10:19:43","date_gmt":"2020-03-13T09:19:43","guid":{"rendered":"https:\/\/ambkinshasa.esteri.it\/news\/dall_ambasciata\/2020\/03\/avviso-oim-per-ricongiungimenti-2\/"},"modified":"2020-03-13T10:19:43","modified_gmt":"2020-03-13T09:19:43","slug":"avviso-oim-per-ricongiungimenti-2","status":"publish","type":"post","link":"https:\/\/ambkinshasa.esteri.it\/fr\/news\/dall_ambasciata\/2020\/03\/avviso-oim-per-ricongiungimenti-2\/","title":{"rendered":"COMMUNIQUE OIM POUR LE REGROUPEMENT FAMILIAL. RETARDS POSSIBLES POUR LES TESTS ADN A CAUSE DE L&#8217;URGENCE COVID -19"},"content":{"rendered":"<p style=\"text-align: justify;\">Nous vous informons que l\u2019Organisation Internationale pour les Migrations (OIM), Bureau de Coordination pour la M\u00e9diterran\u00e9e \u00e0 Rome (Italie), \u00e0 cause de l\u2019urgence sanitaire d\u00e9rivant de la propagation du virus COVID-19 et des cons\u00e9quentes mesures adopt\u00e9es par les Autorit\u00e9s italiennes visant la r\u00e9duction des mouvements des personnes physiques et les rassemblements, les activit\u00e9s de l\u2019Organisation vou\u00e9es \u00e0 supporter les demandes de visa pour regroupement familiale \u00e0 travers l\u2019examen du test ADN, seront ralenties.<\/p>\n<p>Ces mesures sont transitoires et pourront \u00eatre modifi\u00e9es.<\/p>\n","protected":false},"excerpt":{"rendered":"Nous vous informons que l\u2019Organisation Internationale pour les Migrations (OIM), Bureau de Coordination pour la M\u00e9diterran\u00e9e \u00e0 Rome (Italie), \u00e0 cause de l\u2019urgence sanitaire d\u00e9rivant de la propagation du virus COVID-19 et des cons\u00e9quentes mesures adopt\u00e9es par les Autorit\u00e9s italiennes visant la r\u00e9duction des mouvements des personnes physiques et les rassemblements, les activit\u00e9s de l\u2019Organisation [&hellip;]","protected":false},"author":1,"featured_media":0,"comment_status":"","ping_status":"","sticky":false,"template":"","format":"standard","meta":{"footnotes":""},"tags":[],"class_list":["post-998","post","type-post","status-publish","format-standard","hentry"],"_links":{"self":[{"href":"https:\/\/ambkinshasa.esteri.it\/fr\/wp-json\/wp\/v2\/posts\/998","targetHints":{"allow":["GET"]}}],"collection":[{"href":"https:\/\/ambkinshasa.esteri.it\/fr\/wp-json\/wp\/v2\/posts"}],"about":[{"href":"https:\/\/ambkinshasa.esteri.it\/fr\/wp-json\/wp\/v2\/types\/post"}],"author":[{"embeddable":true,"href":"https:\/\/ambkinshasa.esteri.it\/fr\/wp-json\/wp\/v2\/users\/1"}],"replies":[{"embeddable":true,"href":"https:\/\/ambkinshasa.esteri.it\/fr\/wp-json\/wp\/v2\/comments?post=998"}],"version-history":[{"count":0,"href":"https:\/\/ambkinshasa.esteri.it\/fr\/wp-json\/wp\/v2\/posts\/998\/revisions"}],"wp:attachment":[{"href":"https:\/\/ambkinshasa.esteri.it\/fr\/wp-json\/wp\/v2\/media?parent=998"}],"wp:term":[{"taxonomy":"post_tag","embeddable":true,"href":"https:\/\/ambkinshasa.esteri.it\/fr\/wp-json\/wp\/v2\/tags?post=998"}],"curies":[{"name":"wp","href":"https:\/\/api.w.org\/{rel}","templated":true}]}}