{"id":245,"date":"2023-10-02T09:45:13","date_gmt":"2023-10-02T08:45:13","guid":{"rendered":"https:\/\/ambkinshasa.esteri.it\/?p=245"},"modified":"2023-10-02T09:45:13","modified_gmt":"2023-10-02T08:45:13","slug":"discours-du-president-meloni-a-lonu-soulignant-lengagement-strategique-de-litalie-en-faveur-dun-partenariat-avec-les-pays-africains","status":"publish","type":"post","link":"https:\/\/ambkinshasa.esteri.it\/it\/news\/dall_ambasciata\/2023\/10\/discours-du-president-meloni-a-lonu-soulignant-lengagement-strategique-de-litalie-en-faveur-dun-partenariat-avec-les-pays-africains\/","title":{"rendered":"Discours du pr\u00e9sident Meloni \u00e0 l&#8217;ONU, soulignant l&#8217;engagement strat\u00e9gique de l&#8217;Italie en faveur d&#8217;un partenariat avec les pays africains"},"content":{"rendered":"<p>L\u2019impegno strategico dell\u2019Italia per un partenariato con le nazioni africane ha caratterizzato la partecipazione del Presidente del Consiglio, Giorgia Meloni, all\u2019Assemblea Generale delle Nazioni Unite. Nel suo intervento in Assemblea Generale, il Presidente Meloni ha sottolineato che l\u2019attenzione dell\u2019Italia \u00e8 rivolta particolarmente verso l\u2019Africa, indicando che il tema sar\u00e0 al centro della Presidenza italiana del G7 nel 2024 con l\u2019obiettivo di stabilire rapporti di collaborazione paritari e di favorire la crescita del continente.<br \/>\nTutti gli interlocutori incontrati a New York hanno espresso un particolare apprezzamento per il dinamismo impresso dal governo italiano alla sua azione in Africa contribuendo al dibattito internazionale su sfide globali.<br \/>\nDi questo ha parlato con il Segretario Generale dell\u2019Onu Ant\u00f3nio Guterres che ha lodato l\u2019impegno italiano in questo ambito anche in connessione con la questione della riforma delle istituzioni finanziarie internazionali.<br \/>\nCon il Primo Ministro canadese Justin Trudeau il Presidente ha convenuto un maggiore coordinamento tra le Presidenze italiana e quella successiva del Canada del G7, in particolare con riferimento all\u2019Africa e alle urgenti sfide poste dall\u2019intelligenza artificiale. Lunga e articolata conversazione con il Presidente della Repubblica di Turchia, Recep Tayyip Erdogan, con il quale il Presidente del Consiglio ha anche affrontato la questione del rafforzamento della collaborazione con le nazioni africane sul tema della sicurezza alimentare e l\u2019importanza del tema delle migrazioni nel Mediterraneo, combattendo i trafficanti di esseri umani.<br \/>\nI numerosi incontri con alcuni leader africani sono stati l&#8217;occasione per confermare l&#8217;impegno e la priorit\u00e0 della politica estera del governo italiano.<br \/>\nAl centro dei colloqui, il prossimo Vertice dedicato all\u2019Africa e la Presidenza italiana del G7 nel 2024, dove l\u2019Africa avr\u00e0 un ruolo di primo piano. Durante gli incontri \u00e8 stato affrontato il tema dello sviluppo economico delle Nazioni africane mediante la pianificazione e la realizzazione congiunta di iniziative in settori strategici a partire da quello energetico ed infrastrutturale. Su questo sfondo, una equa considerazione delle condizioni di accesso all\u2019assistenza e al credito finanziario internazionale \u00e8 essenziale per mitigare le crisi umanitarie, per garantire sviluppo e la trasformazione sostenibile dei sistemi agroalimentari, per aumentare la produzione interna e ridurre la dipendenza dalle importazioni.<br \/>\nUn cambio di approccio, in cui l\u2019Italia intende farsi portavoce delle esigenze africane e svolgere un ruolo di guida nell\u2019Unione Europea, e in tutti i contesti internazionali, per affrontare in maniera strategica la questione delle migrazioni e la lotta al traffico di esseri umani. Si tratta di alcuni dei vari settori di impegno che l\u2019Italia intende proporre nel Piano Mattei, un documento che sar\u00e0 portato all\u2019attenzione dei dirigenti africani in occasione della Conferenza di Roma di inizio novembre e che verr\u00e0 poi ulteriormente sviluppato insieme all\u2019Africa.<\/p>\n","protected":false},"excerpt":{"rendered":"L\u2019impegno strategico dell\u2019Italia per un partenariato con le nazioni africane ha caratterizzato la partecipazione del Presidente del Consiglio, Giorgia Meloni, all\u2019Assemblea Generale delle Nazioni Unite. Nel suo intervento in Assemblea Generale, il Presidente Meloni ha sottolineato che l\u2019attenzione dell\u2019Italia \u00e8 rivolta particolarmente verso l\u2019Africa, indicando che il tema sar\u00e0 al centro della Presidenza italiana del [&hellip;]","protected":false},"author":1,"featured_media":0,"comment_status":"closed","ping_status":"closed","sticky":false,"template":"","format":"standard","meta":{"footnotes":""},"tags":[],"class_list":["post-245","post","type-post","status-publish","format-standard","hentry"],"_links":{"self":[{"href":"https:\/\/ambkinshasa.esteri.it\/it\/wp-json\/wp\/v2\/posts\/245","targetHints":{"allow":["GET"]}}],"collection":[{"href":"https:\/\/ambkinshasa.esteri.it\/it\/wp-json\/wp\/v2\/posts"}],"about":[{"href":"https:\/\/ambkinshasa.esteri.it\/it\/wp-json\/wp\/v2\/types\/post"}],"author":[{"embeddable":true,"href":"https:\/\/ambkinshasa.esteri.it\/it\/wp-json\/wp\/v2\/users\/1"}],"replies":[{"embeddable":true,"href":"https:\/\/ambkinshasa.esteri.it\/it\/wp-json\/wp\/v2\/comments?post=245"}],"version-history":[{"count":1,"href":"https:\/\/ambkinshasa.esteri.it\/it\/wp-json\/wp\/v2\/posts\/245\/revisions"}],"predecessor-version":[{"id":246,"href":"https:\/\/ambkinshasa.esteri.it\/it\/wp-json\/wp\/v2\/posts\/245\/revisions\/246"}],"wp:attachment":[{"href":"https:\/\/ambkinshasa.esteri.it\/it\/wp-json\/wp\/v2\/media?parent=245"}],"wp:term":[{"taxonomy":"post_tag","embeddable":true,"href":"https:\/\/ambkinshasa.esteri.it\/it\/wp-json\/wp\/v2\/tags?post=245"}],"curies":[{"name":"wp","href":"https:\/\/api.w.org\/{rel}","templated":true}]}}