{"id":2482,"date":"2024-12-20T10:45:05","date_gmt":"2024-12-20T09:45:05","guid":{"rendered":"https:\/\/ambkinshasa.esteri.it\/?p=2482"},"modified":"2024-12-20T10:45:05","modified_gmt":"2024-12-20T09:45:05","slug":"comunicato-di-auguri","status":"publish","type":"post","link":"https:\/\/ambkinshasa.esteri.it\/it\/news\/dall_ambasciata\/2024\/12\/comunicato-di-auguri\/","title":{"rendered":"COMUNICATO DI AUGURI"},"content":{"rendered":"<p style=\"text-align: justify;\">L\u2019Ambasciata d\u2019Italia a Kinshasa desidera porgere i pi\u00f9 calorosi auguri di Buone Feste a tutti i connazionali, ai cittadini della Repubblica Democratica del Congo e a tutti gli amici dell\u2019Italia.<\/p>\n<p style=\"text-align: justify;\">In questo periodo di festa, ci uniamo nel celebrare i valori di pace, solidariet\u00e0 e fratellanza che ci accomunano e che rafforzano il legame tra le nostre comunit\u00e0.<\/p>\n<p style=\"text-align: justify;\">Rinnoviamo il nostro impegno a lavorare con dedizione per promuovere il dialogo, la cooperazione e lo sviluppo culturale ed economico tra l\u2019Italia e la Repubblica Democratica del Congo, augurandoci che il nuovo anno porti prosperit\u00e0, serenit\u00e0 e opportunit\u00e0 per tutti.<\/p>\n<p style=\"text-align: justify;\">Con i migliori auguri,<br \/>\nL\u2019Ambasciatore Dino Sorrentino<br \/>\ne lo Staff dell\u2019Ambasciata d\u2019Italia a Kinshasa<\/p>\n","protected":false},"excerpt":{"rendered":"L\u2019Ambasciata d\u2019Italia a Kinshasa desidera porgere i pi\u00f9 calorosi auguri di Buone Feste a tutti i connazionali, ai cittadini della Repubblica Democratica del Congo e a tutti gli amici dell\u2019Italia. In questo periodo di festa, ci uniamo nel celebrare i valori di pace, solidariet\u00e0 e fratellanza che ci accomunano e che rafforzano il legame tra [&hellip;]","protected":false},"author":4,"featured_media":2481,"comment_status":"closed","ping_status":"closed","sticky":false,"template":"","format":"standard","meta":{"footnotes":""},"tags":[],"class_list":["post-2482","post","type-post","status-publish","format-standard","has-post-thumbnail","hentry"],"_links":{"self":[{"href":"https:\/\/ambkinshasa.esteri.it\/it\/wp-json\/wp\/v2\/posts\/2482","targetHints":{"allow":["GET"]}}],"collection":[{"href":"https:\/\/ambkinshasa.esteri.it\/it\/wp-json\/wp\/v2\/posts"}],"about":[{"href":"https:\/\/ambkinshasa.esteri.it\/it\/wp-json\/wp\/v2\/types\/post"}],"author":[{"embeddable":true,"href":"https:\/\/ambkinshasa.esteri.it\/it\/wp-json\/wp\/v2\/users\/4"}],"replies":[{"embeddable":true,"href":"https:\/\/ambkinshasa.esteri.it\/it\/wp-json\/wp\/v2\/comments?post=2482"}],"version-history":[{"count":1,"href":"https:\/\/ambkinshasa.esteri.it\/it\/wp-json\/wp\/v2\/posts\/2482\/revisions"}],"predecessor-version":[{"id":2485,"href":"https:\/\/ambkinshasa.esteri.it\/it\/wp-json\/wp\/v2\/posts\/2482\/revisions\/2485"}],"wp:featuredmedia":[{"embeddable":true,"href":"https:\/\/ambkinshasa.esteri.it\/it\/wp-json\/wp\/v2\/media\/2481"}],"wp:attachment":[{"href":"https:\/\/ambkinshasa.esteri.it\/it\/wp-json\/wp\/v2\/media?parent=2482"}],"wp:term":[{"taxonomy":"post_tag","embeddable":true,"href":"https:\/\/ambkinshasa.esteri.it\/it\/wp-json\/wp\/v2\/tags?post=2482"}],"curies":[{"name":"wp","href":"https:\/\/api.w.org\/{rel}","templated":true}]}}