{"id":573,"date":"2022-07-20T18:17:03","date_gmt":"2022-07-20T17:17:03","guid":{"rendered":"https:\/\/ambkinshasa.esteri.it\/news\/dall_ambasciata\/2022\/07\/prima-passeggiata-spaziale-per\/"},"modified":"2022-07-20T18:17:03","modified_gmt":"2022-07-20T17:17:03","slug":"prima-passeggiata-spaziale-per","status":"publish","type":"post","link":"https:\/\/ambkinshasa.esteri.it\/it\/news\/dall_ambasciata\/2022\/07\/prima-passeggiata-spaziale-per\/","title":{"rendered":"Prima passeggiata spaziale per l\u2019astronauta italiana Samantha Cristoforetti"},"content":{"rendered":"<p style=\"text-align: justify;\">Il 21 luglio 2022, l&#8217;astronauta italiana dell&#8217;Europea Space Agency &#8211; ESA Samantha Cristoforetti, al suo secondo volo spaziale, effettuer\u00e0 un\u2019attivit\u00e0 extra veicolare (EVA) al fianco del cosmonauta russo Oleg Artemyev.<br \/>Sar\u00e0 la prima passeggiata spaziale condotta da un&#8217;astronauta europea.<br \/>Samantha Cristoforetti \u00e8 giunta sulla Stazione spaziale internazionale lo scorso 27 aprile per la missione semestrale Minerva, assieme ai colleghi americani di Crew-4, a bordo della capsula Crew Dragon di SpaceX.<br \/>La passeggiata spaziale vedr\u00e0 Samantha e Oleg lavorare insieme su molteplici attivit\u00e0, tra cui l&#8217;installazione di piattaforme e hardware per la workstation posizionate sul modulo di laboratorio Nauka.<br \/>Il duo spaziale dispiegher\u00e0 dieci nano satelliti progettati per raccogliere i dati dell&#8217;elettronica radio durante l&#8217;EVA, oltre che azionare un boom telescopico da Zarya a Poisk, per le future passeggiate spaziali.<br \/>L&#8217;evento pu\u00f2 essere seguito in diretta il 21 luglio alle ore 13:30 di Kinshasa sul sito dell\u2019Agenzia Spaziale Italiana ASITV al link: https:\/\/asitv.it\/media\/live.<br \/>(fonte e foto ASI)<\/p>\n<p style=\"text-align: justify;\">Link al sito ESA: <a href=\"https:\/\/www.esa.int\/\">https:\/\/www.esa.int\/<\/a><\/p>\n<p style=\"text-align: justify;\">Link alle pagine della Missione Minerva:<\/p>\n<p style=\"text-align: justify;\"><a href=\"https:\/\/www.esa.int\/Science_Exploration\/Human_and_Robotic_Exploration\/Minerva\">https:\/\/www.esa.int\/Science_Exploration\/Human_and_Robotic_Exploration\/Minerva<\/a><\/p>\n<p style=\"text-align: justify;\"><a href=\"https:\/\/www.esa.int\/Science_Exploration\/Human_and_Robotic_Exploration\/Minerva\"><\/a>Link al sito ASI: <a href=\"https:\/\/www.asi.it\">https:\/\/www.asi.it<\/a><\/p>\n","protected":false},"excerpt":{"rendered":"Il 21 luglio 2022, l&#8217;astronauta italiana dell&#8217;Europea Space Agency &#8211; ESA Samantha Cristoforetti, al suo secondo volo spaziale, effettuer\u00e0 un\u2019attivit\u00e0 extra veicolare (EVA) al fianco del cosmonauta russo Oleg Artemyev.Sar\u00e0 la prima passeggiata spaziale condotta da un&#8217;astronauta europea.Samantha Cristoforetti \u00e8 giunta sulla Stazione spaziale internazionale lo scorso 27 aprile per la missione semestrale Minerva, assieme [&hellip;]","protected":false},"author":1,"featured_media":0,"comment_status":"","ping_status":"","sticky":false,"template":"","format":"standard","meta":{"footnotes":""},"tags":[],"class_list":["post-573","post","type-post","status-publish","format-standard","hentry"],"_links":{"self":[{"href":"https:\/\/ambkinshasa.esteri.it\/it\/wp-json\/wp\/v2\/posts\/573","targetHints":{"allow":["GET"]}}],"collection":[{"href":"https:\/\/ambkinshasa.esteri.it\/it\/wp-json\/wp\/v2\/posts"}],"about":[{"href":"https:\/\/ambkinshasa.esteri.it\/it\/wp-json\/wp\/v2\/types\/post"}],"author":[{"embeddable":true,"href":"https:\/\/ambkinshasa.esteri.it\/it\/wp-json\/wp\/v2\/users\/1"}],"replies":[{"embeddable":true,"href":"https:\/\/ambkinshasa.esteri.it\/it\/wp-json\/wp\/v2\/comments?post=573"}],"version-history":[{"count":0,"href":"https:\/\/ambkinshasa.esteri.it\/it\/wp-json\/wp\/v2\/posts\/573\/revisions"}],"wp:attachment":[{"href":"https:\/\/ambkinshasa.esteri.it\/it\/wp-json\/wp\/v2\/media?parent=573"}],"wp:term":[{"taxonomy":"post_tag","embeddable":true,"href":"https:\/\/ambkinshasa.esteri.it\/it\/wp-json\/wp\/v2\/tags?post=573"}],"curies":[{"name":"wp","href":"https:\/\/api.w.org\/{rel}","templated":true}]}}