{"id":757,"date":"2021-07-19T23:29:38","date_gmt":"2021-07-19T22:29:38","guid":{"rendered":"https:\/\/ambkinshasa.esteri.it\/news\/dall_ambasciata\/2021\/07\/ponte-waterfront-reggio-c-intitolato\/"},"modified":"2021-07-19T23:29:38","modified_gmt":"2021-07-19T22:29:38","slug":"ponte-waterfront-reggio-c-intitolato","status":"publish","type":"post","link":"https:\/\/ambkinshasa.esteri.it\/it\/news\/dall_ambasciata\/2021\/07\/ponte-waterfront-reggio-c-intitolato\/","title":{"rendered":"PONTE WATERFRONT REGGIO C. INTITOLATO A LUCA ATTANASIO"},"content":{"rendered":"<p style=\"text-align: justify;\">REGGIO CALABRIA, 19 LUG &#8211; Il ponte sul waterfront di Reggio Calabria, nell&#8217;ambito della manifestazione itinerante &#8220;The Last Twenty&#8221;, verr\u00e0 intitolato, all&#8217;Ambasciatore Luca Attanasio, al carabiniere Vittorio Iacovacci e all&#8217;autista Mustapha Milambo, morti in un agguato nella Repubblica Democratica del Congo lo scorso 22 febbraio 2021. L&#8217;intitolazione \u00e8 in programma il 22 luglio alla presenza della viceministra degli Esteri Marina Sereni, dell&#8217;Ambasciatore della Repubblica Democratica del Congo in Italia, dei familiari dell&#8217;Ambasciatore Attanasio e del carabiniere Iacovacci, nonch\u00e9 delle massime autorit\u00e0 locali. &#8220;Il suo scopo, oltre a quello di tenere viva la memoria sulla tragica vicenda &#8211; \u00e8 scritto in una nota del Comune di Reggio Calabria &#8211; \u00e8 anche di riprendere e rilanciare il legame tra Italia e Africa: il ponte, non a caso, ha un valore altamente simbolico, dal momento che unisce l&#8217;ultimo lembo della penisola italiana con il mare che conduce nel Continente africano&#8221;. Subito dopo l&#8217;evento, negli spazi dell&#8217;anfiteatro del Parco Ecolandia, partiranno i lavori di &#8220;The Last Twenty&#8221; che, promossa da Comune e Citt\u00e0 metropolitana di Reggio Calabria e ulteriori partner, ha in programma, fino al 25 luglio, molteplici incontri sulle tematiche di migrazione, accoglienza, cooperazione internazionale, ruolo degli enti locali e delle comunit\u00e0 e via discorrendo. &#8220;The Last Twenty&#8221; \u00e8 la manifestazione che, prosegue la nota, tramite meeting, mostre, rappresentazioni, partecipazione di ospiti autorevoli, desidera accendere la luce su quei paesi che, in contrapposizione ai &#8220;Grandi della terra&#8221;, soffrono l&#8217;iniqua distribuzione delle risorse, l&#8217;impatto del mutamento climatico, le guerra intestine e i disagi derivanti dalla loro condizione di &#8220;marginalit\u00e0&#8221;.<\/p>\n","protected":false},"excerpt":{"rendered":"REGGIO CALABRIA, 19 LUG &#8211; Il ponte sul waterfront di Reggio Calabria, nell&#8217;ambito della manifestazione itinerante &#8220;The Last Twenty&#8221;, verr\u00e0 intitolato, all&#8217;Ambasciatore Luca Attanasio, al carabiniere Vittorio Iacovacci e all&#8217;autista Mustapha Milambo, morti in un agguato nella Repubblica Democratica del Congo lo scorso 22 febbraio 2021. L&#8217;intitolazione \u00e8 in programma il 22 luglio alla presenza [&hellip;]","protected":false},"author":1,"featured_media":0,"comment_status":"","ping_status":"","sticky":false,"template":"","format":"standard","meta":{"footnotes":""},"tags":[],"class_list":["post-757","post","type-post","status-publish","format-standard","hentry"],"_links":{"self":[{"href":"https:\/\/ambkinshasa.esteri.it\/it\/wp-json\/wp\/v2\/posts\/757","targetHints":{"allow":["GET"]}}],"collection":[{"href":"https:\/\/ambkinshasa.esteri.it\/it\/wp-json\/wp\/v2\/posts"}],"about":[{"href":"https:\/\/ambkinshasa.esteri.it\/it\/wp-json\/wp\/v2\/types\/post"}],"author":[{"embeddable":true,"href":"https:\/\/ambkinshasa.esteri.it\/it\/wp-json\/wp\/v2\/users\/1"}],"replies":[{"embeddable":true,"href":"https:\/\/ambkinshasa.esteri.it\/it\/wp-json\/wp\/v2\/comments?post=757"}],"version-history":[{"count":0,"href":"https:\/\/ambkinshasa.esteri.it\/it\/wp-json\/wp\/v2\/posts\/757\/revisions"}],"wp:attachment":[{"href":"https:\/\/ambkinshasa.esteri.it\/it\/wp-json\/wp\/v2\/media?parent=757"}],"wp:term":[{"taxonomy":"post_tag","embeddable":true,"href":"https:\/\/ambkinshasa.esteri.it\/it\/wp-json\/wp\/v2\/tags?post=757"}],"curies":[{"name":"wp","href":"https:\/\/api.w.org\/{rel}","templated":true}]}}